{"id":35655,"date":"2023-12-19T18:14:38","date_gmt":"2023-12-19T22:44:38","guid":{"rendered":"https:\/\/elmundodelosnegocios.com.do\/v1\/?p=35655"},"modified":"2023-12-20T12:39:12","modified_gmt":"2023-12-20T17:09:12","slug":"valdez-albizu-y-su-esposa-ofrecieron-una-cena-de-gala-en-honor-de-los-miembros-de-la-junta-monetaria-2","status":"publish","type":"post","link":"https:\/\/elmundodelosnegocios.com.do\/v1\/valdez-albizu-y-su-esposa-ofrecieron-una-cena-de-gala-en-honor-de-los-miembros-de-la-junta-monetaria-2\/","title":{"rendered":"Ofrecen Valdez Albizu y esposa cena gala honor miembros de la Junta Monetaria"},"content":{"rendered":"\n<p>Santo Domingo. Rep\u00fablica Dominicana. &#8211;&nbsp;El gobernador del Banco Central de la Rep\u00fablica Dominicana (BCRD) y presidente de la honorable Junta Monetaria, H\u00e9ctor Valdez Albizu y su esposa Fior D\u2019Aliza de Valdez, ofrecieron una cena de gala en honor de los miembros de ese \u00f3rgano con motivo de la Navidad.<\/p>\n\n\n<div class=\"wp-block-image\">\n<figure class=\"aligncenter size-full\"><img loading=\"lazy\" decoding=\"async\" width=\"848\" height=\"410\" src=\"http:\/\/elmundodelosnegocios.com.do\/v1\/wp-content\/uploads\/2023\/12\/bc20231219.jpg\" alt=\"Los miembros de la honorable Junta Monetaria, de izquierda a derecha: Jos\u00e9 Manuel Mall\u00e9n, Julio Llibre Salcedo, Sergia Elena Mej\u00eda De Pe\u00f1a de S\u00e9liman, Jos\u00e9 Vicente Dubocq, H\u00e9ctor Valdez Albizu, Alejandro Fern\u00e1ndez W., Arturo Mart\u00ednez Moya y Ricardo Rojas\" class=\"wp-image-35656\" srcset=\"https:\/\/elmundodelosnegocios.com.do\/v1\/wp-content\/uploads\/2023\/12\/bc20231219.jpg 848w, https:\/\/elmundodelosnegocios.com.do\/v1\/wp-content\/uploads\/2023\/12\/bc20231219-300x145.jpg 300w, https:\/\/elmundodelosnegocios.com.do\/v1\/wp-content\/uploads\/2023\/12\/bc20231219-768x371.jpg 768w\" sizes=\"auto, (max-width: 848px) 100vw, 848px\" \/><figcaption class=\"wp-element-caption\">Los miembros de la honorable Junta Monetaria, de izquierda a derecha: Jos\u00e9 Manuel Mall\u00e9n, Julio Llibre Salcedo, Sergia Elena Mej\u00eda De Pe\u00f1a de S\u00e9liman, Jos\u00e9 Vicente Dubocq, H\u00e9ctor Valdez Albizu, Alejandro Fern\u00e1ndez W., Arturo Mart\u00ednez Moya y Ricardo Rojas<\/figcaption><\/figure>\n<\/div>\n\n\n<p>En sus palabras de bienvenida a la cena, Valdez Albizu expres\u00f3 que este ha sido un a\u00f1o de grandes satisfacciones institucionales, entre las que resalt\u00f3 que al mes de noviembre 2023 la inflaci\u00f3n interanual se ubic\u00f3 en 4.0 %, el centro del rango meta de 4.0 % \u00b1 1.0 %, en tanto que el indicador mensual de la actividad econ\u00f3mica (IMAE), registr\u00f3 una expansi\u00f3n interanual de 3.6% en el mes de octubre de 2023, resultando la tasa mensual m\u00e1s alta del presente a\u00f1o.<\/p>\n\n\n<div class=\"wp-block-image\">\n<figure class=\"aligncenter size-full\"><img loading=\"lazy\" decoding=\"async\" width=\"848\" height=\"410\" src=\"http:\/\/elmundodelosnegocios.com.do\/v1\/wp-content\/uploads\/2023\/12\/bc20231219-2.jpg\" alt=\"H\u00e9ctor Valdez Albizu, Fior Mart\u00ednez de Valdez, Clarissa de la Rocha de Torres, Nelson Torres, Ghenny N\u00fa\u00f1ez de Novas, Ervin Novas Bello y Norma Molina\" class=\"wp-image-35657\" srcset=\"https:\/\/elmundodelosnegocios.com.do\/v1\/wp-content\/uploads\/2023\/12\/bc20231219-2.jpg 848w, https:\/\/elmundodelosnegocios.com.do\/v1\/wp-content\/uploads\/2023\/12\/bc20231219-2-300x145.jpg 300w, https:\/\/elmundodelosnegocios.com.do\/v1\/wp-content\/uploads\/2023\/12\/bc20231219-2-768x371.jpg 768w\" sizes=\"auto, (max-width: 848px) 100vw, 848px\" \/><figcaption class=\"wp-element-caption\">H\u00e9ctor Valdez Albizu, Fior Mart\u00ednez de Valdez, Clarissa de la Rocha de Torres, Nelson Torres, Ghenny N\u00fa\u00f1ez de Novas, Ervin Novas Bello y Norma Molina<\/figcaption><\/figure>\n<\/div>\n\n\n<p>El gobernador agreg\u00f3 que el mecanismo de transmisi\u00f3n de la pol\u00edtica monetaria se encuentra operando favorablemente y que la econom\u00eda dominicana contin\u00faa su proceso de recuperaci\u00f3n, de manera que estar\u00eda alcanzando su ritmo de crecimiento potencial en el pr\u00f3ximo a\u00f1o 2024, conforme al sistema de pron\u00f3sticos del Banco Central.<\/p>\n\n\n\n<p>La actividad, que se llev\u00f3 a cabo en el sal\u00f3n principal del Club de Empleados del Banco Central, cont\u00f3 con la presencia de los miembros ex oficio de la Junta Monetaria, Jos\u00e9 Vicente Dubocq, ministro de Hacienda, y Alejandro Fern\u00e1ndez W., superintendente de Bancos; as\u00ed como de los miembros Jos\u00e9 Manuel Mall\u00e9n, Ricardo Rojas Le\u00f3n, Arturo Mart\u00ednez Moya, Sergia Elena Mej\u00eda De Pe\u00f1a de S\u00e9liman y Julio Llibre Salcedo.<\/p>\n\n\n\n<p>Asistieron tambi\u00e9n la vicegobernadora del BCRD, Clarissa de la Rocha de Torres, el gerente, Ervin Novas Bello, la secretaria de la Junta Monetaria, Norma Molina, as\u00ed como subgerentes, asesores, directores y consultores de la instituci\u00f3n.<\/p>\n","protected":false},"excerpt":{"rendered":"<p>Santo Domingo. Rep\u00fablica Dominicana. &#8211;&nbsp;El gobernador del Banco Central de la Rep\u00fablica Dominicana (BCRD) y presidente de la honorable Junta Monetaria, H\u00e9ctor Valdez Albizu y su esposa Fior D\u2019Aliza de&hellip; <\/p>\n","protected":false},"author":2,"featured_media":35656,"comment_status":"closed","ping_status":"closed","sticky":false,"template":"","format":"standard","meta":{"fifu_image_url":"","fifu_image_alt":"","footnotes":""},"categories":[94],"tags":[],"class_list":["post-35655","post","type-post","status-publish","format-standard","has-post-thumbnail","hentry","category-finanzas"],"_links":{"self":[{"href":"https:\/\/elmundodelosnegocios.com.do\/v1\/wp-json\/wp\/v2\/posts\/35655","targetHints":{"allow":["GET"]}}],"collection":[{"href":"https:\/\/elmundodelosnegocios.com.do\/v1\/wp-json\/wp\/v2\/posts"}],"about":[{"href":"https:\/\/elmundodelosnegocios.com.do\/v1\/wp-json\/wp\/v2\/types\/post"}],"author":[{"embeddable":true,"href":"https:\/\/elmundodelosnegocios.com.do\/v1\/wp-json\/wp\/v2\/users\/2"}],"replies":[{"embeddable":true,"href":"https:\/\/elmundodelosnegocios.com.do\/v1\/wp-json\/wp\/v2\/comments?post=35655"}],"version-history":[{"count":0,"href":"https:\/\/elmundodelosnegocios.com.do\/v1\/wp-json\/wp\/v2\/posts\/35655\/revisions"}],"wp:featuredmedia":[{"embeddable":true,"href":"https:\/\/elmundodelosnegocios.com.do\/v1\/wp-json\/wp\/v2\/media\/35656"}],"wp:attachment":[{"href":"https:\/\/elmundodelosnegocios.com.do\/v1\/wp-json\/wp\/v2\/media?parent=35655"}],"wp:term":[{"taxonomy":"category","embeddable":true,"href":"https:\/\/elmundodelosnegocios.com.do\/v1\/wp-json\/wp\/v2\/categories?post=35655"},{"taxonomy":"post_tag","embeddable":true,"href":"https:\/\/elmundodelosnegocios.com.do\/v1\/wp-json\/wp\/v2\/tags?post=35655"}],"curies":[{"name":"wp","href":"https:\/\/api.w.org\/{rel}","templated":true}]}}