{"id":35753,"date":"2023-12-22T17:11:27","date_gmt":"2023-12-22T21:41:27","guid":{"rendered":"https:\/\/elmundodelosnegocios.com.do\/v1\/?p=35753"},"modified":"2023-12-22T17:45:06","modified_gmt":"2023-12-22T22:15:06","slug":"renovacion-pista-aerea-de-san-isidro-le-permitira-operar-como-aeropuerto-alterno-al-servicio-de-la-aviacion-civil","status":"publish","type":"post","link":"https:\/\/elmundodelosnegocios.com.do\/v1\/renovacion-pista-aerea-de-san-isidro-le-permitira-operar-como-aeropuerto-alterno-al-servicio-de-la-aviacion-civil\/","title":{"rendered":"Renovaci\u00f3n pista a\u00e9rea de San Isidro le permitir\u00e1 operar como aeropuerto alterno al servicio de la aviaci\u00f3n civil"},"content":{"rendered":"\n<p><strong>SAN ISIDRO, Santo Domingo Este.-<\/strong>&nbsp;El director general del Instituto Dominicano de Aviaci\u00f3n Civil, H\u00e9ctor Porcella, afirm\u00f3 que el remozamiento y modernizaci\u00f3n de la vieja pista del aeropuerto militar de San Isidro, de la Fuerza A\u00e9rea de la Rep\u00fablica Dominicana (FARD), permitir\u00e1 su eventual utilizaci\u00f3n como una terminal alterna en situaciones de emergencia en beneficio del sistema aeron\u00e1utico del pa\u00eds.<\/p>\n\n\n<div class=\"wp-block-image\">\n<figure class=\"aligncenter size-full\"><img loading=\"lazy\" decoding=\"async\" width=\"1024\" height=\"683\" src=\"https:\/\/elmundodelosnegocios.com.do\/v1\/wp-content\/uploads\/2023\/12\/3-4.jpg\" alt=\"El presidente Abinader encabez\u00f3 inicio de obras de modernizaci\u00f3n y remozamiento de los Sistemas de Ayuda a la Navegaci\u00f3n A\u00e9rea.\" class=\"wp-image-35756\" srcset=\"https:\/\/elmundodelosnegocios.com.do\/v1\/wp-content\/uploads\/2023\/12\/3-4.jpg 1024w, https:\/\/elmundodelosnegocios.com.do\/v1\/wp-content\/uploads\/2023\/12\/3-4-300x200.jpg 300w, https:\/\/elmundodelosnegocios.com.do\/v1\/wp-content\/uploads\/2023\/12\/3-4-768x512.jpg 768w\" sizes=\"auto, (max-width: 1024px) 100vw, 1024px\" \/><figcaption class=\"wp-element-caption\">El presidente Abinader encabez\u00f3 inicio de obras de modernizaci\u00f3n y remozamiento de los Sistemas de Ayuda a la Navegaci\u00f3n A\u00e9rea.<\/figcaption><\/figure>\n<\/div>\n\n\n<p>El funcionario revel\u00f3 que la idea cuenta con el pleno respaldo del presidente de la Rep\u00fablica Luis Abinader, tras ser consultado por el comandante general de la FARD, mayor general Carlos Febrillet Rodr\u00edguez, y por el propio director del IDAC, durante el acto de inicio de los trabajos de renovaci\u00f3n de la pista de San Isidro.<\/p>\n\n\n\n<p>Indic\u00f3 que el proyecto incluye la instalaci\u00f3n de una Nueva Torre de Control y su correspondiente Cabina prefabricada, las obras civiles del Centro de Control de Vigilancia de operaciones a\u00e9reas y la habilitaci\u00f3n de un sistema de Radio Ayuda a la Navegaci\u00f3n A\u00e9rea.<\/p>\n\n\n\n<p><strong>De inter\u00e9s estrat\u00e9gico<\/strong><\/p>\n\n\n<div class=\"wp-block-image\">\n<figure class=\"aligncenter size-full is-resized\"><img loading=\"lazy\" decoding=\"async\" width=\"1024\" height=\"683\" src=\"https:\/\/elmundodelosnegocios.com.do\/v1\/wp-content\/uploads\/2023\/12\/2.jpeg\" alt=\"H\u00e9ctor Pocella revel\u00f3 que la idea cuenta con el pleno respaldo del presidente de la Rep\u00fablica Luis Abinader.\" class=\"wp-image-35755\" style=\"width:841px;height:auto\" srcset=\"https:\/\/elmundodelosnegocios.com.do\/v1\/wp-content\/uploads\/2023\/12\/2.jpeg 1024w, https:\/\/elmundodelosnegocios.com.do\/v1\/wp-content\/uploads\/2023\/12\/2-300x200.jpeg 300w, https:\/\/elmundodelosnegocios.com.do\/v1\/wp-content\/uploads\/2023\/12\/2-768x512.jpeg 768w\" sizes=\"auto, (max-width: 1024px) 100vw, 1024px\" \/><figcaption class=\"wp-element-caption\">H\u00e9ctor Pocella revel\u00f3 que la idea cuenta con el pleno respaldo del presidente de la Rep\u00fablica Luis Abinader.<\/figcaption><\/figure>\n<\/div>\n\n\n<p>Porcella defini\u00f3 como una iniciativa de alto inter\u00e9s estrat\u00e9gico el nuevo proyecto de modernizaci\u00f3n y remozamiento de los Sistemas de Ayuda a la Navegaci\u00f3n A\u00e9rea de la Base A\u00e9rea de San Isidro, ubicada en una de las zonas de mayor actividad aeron\u00e1utica del territorio nacional.<\/p>\n\n\n\n<p>Tras felicitar al comandante general de la Fuerza A\u00e9rea, mayor general Carlos Febrillet Rodr\u00edguez, por la importante iniciativa, Porcella afirm\u00f3 que se trata de un proyecto trascedente por su aporte a la modernizaci\u00f3n de la aviaci\u00f3n general y al fortalecimiento de la seguridad operacional, que involucra al IDAC y a todas las instituciones que conforman la industria aeron\u00e1utica del pa\u00eds.<\/p>\n\n\n\n<p>Indic\u00f3 que el IDAC est\u00e1 asumiendo la responsabilidad de apoyar el desarrollo del nuevo proyecto en la fase de su instalaci\u00f3n y en el seguimiento de todos los aspectos t\u00e9cnicos para asegurar que se ajusten a las normativas de la OACI y de los reglamentos que rigen la aviaci\u00f3n internacional.<\/p>\n\n\n<div class=\"wp-block-image\">\n<figure class=\"aligncenter size-full\"><img loading=\"lazy\" decoding=\"async\" width=\"1024\" height=\"683\" src=\"https:\/\/elmundodelosnegocios.com.do\/v1\/wp-content\/uploads\/2023\/12\/1-1.jpeg\" alt=\"H\u00e9ctor Porcella , tras felicitar al comandante general de la Fuerza A\u00e9rea, mayor general Carlos Febrillet Rodr\u00edguez, por la importante iniciativa.\" class=\"wp-image-35754\" srcset=\"https:\/\/elmundodelosnegocios.com.do\/v1\/wp-content\/uploads\/2023\/12\/1-1.jpeg 1024w, https:\/\/elmundodelosnegocios.com.do\/v1\/wp-content\/uploads\/2023\/12\/1-1-300x200.jpeg 300w, https:\/\/elmundodelosnegocios.com.do\/v1\/wp-content\/uploads\/2023\/12\/1-1-768x512.jpeg 768w\" sizes=\"auto, (max-width: 1024px) 100vw, 1024px\" \/><figcaption class=\"wp-element-caption\">H\u00e9ctor Porcella , tras felicitar al comandante general de la Fuerza A\u00e9rea, mayor general Carlos Febrillet Rodr\u00edguez, por la importante iniciativa.<\/figcaption><\/figure>\n<\/div>\n\n\n<p>El acto de inicio de los trabajos de la pista de San Isidro se llev\u00f3 a cabo inmediatamente despu\u00e9s de la impresionante ceremonia de graduaci\u00f3n de la vig\u00e9sima segunda promoci\u00f3n \u201cMayor General Fernando Cruz M\u00e9ndez\u201d, 2020-2023, en la que 25 cadetes recibieron el t\u00edtulo que los acredita como pilotos y licenciados en ciencias aeron\u00e1uticas, con rango de segundo teniente.<\/p>\n\n\n\n<p>Las actividades contaron con la presencia del ministro administrativo de la Presidencia, Jos\u00e9 Ignacio Paliza, del ministro de defensa, teniente general Carlos Luciano D\u00edaz Morfa y de los oficiales titulares de las principales instituciones castrenses y de la Polic\u00eda Nacional.<\/p>\n","protected":false},"excerpt":{"rendered":"<p>SAN ISIDRO, Santo Domingo Este.-&nbsp;El director general del Instituto Dominicano de Aviaci\u00f3n Civil, H\u00e9ctor Porcella, afirm\u00f3 que el remozamiento y modernizaci\u00f3n de la vieja pista del aeropuerto militar de San&hellip; <\/p>\n","protected":false},"author":2,"featured_media":35761,"comment_status":"closed","ping_status":"closed","sticky":false,"template":"","format":"standard","meta":{"fifu_image_url":"https:\/\/elmundodelosnegocios.com.do\/v1\/wp-content\/uploads\/2023\/12\/3-4.jpg","fifu_image_alt":"","footnotes":""},"categories":[169],"tags":[],"class_list":["post-35753","post","type-post","status-publish","format-standard","has-post-thumbnail","hentry","category-transporte-internacional"],"_links":{"self":[{"href":"https:\/\/elmundodelosnegocios.com.do\/v1\/wp-json\/wp\/v2\/posts\/35753","targetHints":{"allow":["GET"]}}],"collection":[{"href":"https:\/\/elmundodelosnegocios.com.do\/v1\/wp-json\/wp\/v2\/posts"}],"about":[{"href":"https:\/\/elmundodelosnegocios.com.do\/v1\/wp-json\/wp\/v2\/types\/post"}],"author":[{"embeddable":true,"href":"https:\/\/elmundodelosnegocios.com.do\/v1\/wp-json\/wp\/v2\/users\/2"}],"replies":[{"embeddable":true,"href":"https:\/\/elmundodelosnegocios.com.do\/v1\/wp-json\/wp\/v2\/comments?post=35753"}],"version-history":[{"count":0,"href":"https:\/\/elmundodelosnegocios.com.do\/v1\/wp-json\/wp\/v2\/posts\/35753\/revisions"}],"wp:featuredmedia":[{"embeddable":true,"href":"https:\/\/elmundodelosnegocios.com.do\/v1\/wp-json\/wp\/v2\/media\/35761"}],"wp:attachment":[{"href":"https:\/\/elmundodelosnegocios.com.do\/v1\/wp-json\/wp\/v2\/media?parent=35753"}],"wp:term":[{"taxonomy":"category","embeddable":true,"href":"https:\/\/elmundodelosnegocios.com.do\/v1\/wp-json\/wp\/v2\/categories?post=35753"},{"taxonomy":"post_tag","embeddable":true,"href":"https:\/\/elmundodelosnegocios.com.do\/v1\/wp-json\/wp\/v2\/tags?post=35753"}],"curies":[{"name":"wp","href":"https:\/\/api.w.org\/{rel}","templated":true}]}}