{"id":35758,"date":"2023-12-22T17:14:50","date_gmt":"2023-12-22T21:44:50","guid":{"rendered":"https:\/\/elmundodelosnegocios.com.do\/v1\/?p=35758"},"modified":"2023-12-22T17:14:52","modified_gmt":"2023-12-22T21:44:52","slug":"primera-dama-micm-y-fundacion-farach-inauguran-parque-rafael-leopoldo-diaz-en-bani","status":"publish","type":"post","link":"https:\/\/elmundodelosnegocios.com.do\/v1\/primera-dama-micm-y-fundacion-farach-inauguran-parque-rafael-leopoldo-diaz-en-bani\/","title":{"rendered":"Primera dama, MICM y fundaci\u00f3n Farach inauguran parque Rafael Leopoldo D\u00edaz en Ban\u00ed"},"content":{"rendered":"\n<p><strong>Ban\u00ed, Peravia \u2013&nbsp;<\/strong>Con una inversi\u00f3n que sobrepasa los RD$4 millones, la primera dama, Raquel Arbaje; el ministro de Industria, Comercio y Mipymes (MICM), V\u00edctor Bison\u00f3; la presidenta de la Fundaci\u00f3n Farach, MatildeCruz de Farach, y el alcaldede Ban\u00ed, Santo Ram\u00edrez, inauguraron el parque RafaelLeopoldo D\u00edaz, en el sector Los Barracones de esta ciudad.<\/p>\n\n\n<div class=\"wp-block-image\">\n<figure class=\"aligncenter size-full\"><img loading=\"lazy\" decoding=\"async\" width=\"1024\" height=\"404\" src=\"https:\/\/elmundodelosnegocios.com.do\/v1\/wp-content\/uploads\/2023\/12\/02.jpeg\" alt=\"\" class=\"wp-image-35759\" srcset=\"https:\/\/elmundodelosnegocios.com.do\/v1\/wp-content\/uploads\/2023\/12\/02.jpeg 1024w, https:\/\/elmundodelosnegocios.com.do\/v1\/wp-content\/uploads\/2023\/12\/02-300x118.jpeg 300w, https:\/\/elmundodelosnegocios.com.do\/v1\/wp-content\/uploads\/2023\/12\/02-768x303.jpeg 768w\" sizes=\"auto, (max-width: 1024px) 100vw, 1024px\" \/><\/figure>\n<\/div>\n\n\n<p>La Fundaci\u00f3n Farach aport\u00f3 los recursos para ejecutar esta obra, la cual contribuir\u00e1 a mejorar la calidad de vida a los habitantes de esta comunidad, al reducir la contaminaci\u00f3n y constituirse en un espacio para la recreaci\u00f3n y actividad f\u00edsica.<\/p>\n\n\n<div class=\"wp-block-image\">\n<figure class=\"aligncenter\"><img decoding=\"async\" src=\"https:\/\/micm.gob.do\/wp-content\/uploads\/2023\/12\/Primera-dama-MICM-y-fundacion-Farach-inauguran-parque-02.jpeg\" alt=\"\" class=\"wp-image-6607\"\/><\/figure>\n<\/div>\n\n\n<p>La primera dama Raquel Arbaje agradeci\u00f3 a la Fundaci\u00f3n Farach su colaboraci\u00f3n y, dirigi\u00e9ndose a los ni\u00f1os y ni\u00f1as presentes, les dijo: \u201cUstedes son los principales actores de todo y quienes mueven nuestro coraz\u00f3n\u201d.<\/p>\n\n\n\n<p>Arbaje precis\u00f3 que el nuevo espacio recreativo es una respuesta a las inquietudes y deseos expresados por los ni\u00f1os y ni\u00f1as de la comunidad.<\/p>\n\n\n\n<p>Esta es la intervenci\u00f3n n\u00famero quince dentro del programa \u201cParques Recreativos: de la industria a la comunidad\u201d, cuya inversi\u00f3n asciende a aproximadamente RD$106 millones, distribuidos en las provincias Peravia, Azua, Barahona, Espaillat, Hermanas Mirabal, La Vega, Santiago Rodr\u00edguez, Dajab\u00f3n, Santo Domingo y San Pedro de Macor\u00eds.<\/p>\n\n\n\n<p>El ministro Bison\u00f3 resalt\u00f3 el rol jugado por el MICM como canalizador entre las industrias, empresas y comunidades correspondientes, uniendo voluntades para hacer realidad estas obras.<\/p>\n\n\n\n<p>Asimismo, subray\u00f3 que la obra representa un impacto positivo para los ni\u00f1os de la comunidad, lo que les permitir\u00e1 desarrollarse y recrearse en un ambiente sano.<\/p>\n\n\n\n<p>De su lado, la presidenta de la Fundaci\u00f3n Farach, Matilde Cruz, dijo que esa organizaci\u00f3n aboga por el bienestar de los ni\u00f1os y ni\u00f1as de la provincia a que crezcan en un ambiente sano y alejados de los malos vicios.<\/p>\n\n\n\n<p><strong>Sobre la ceremonia<\/strong><\/p>\n\n\n\n<p>El cortede cinta estuvoa cargo de la primera dama y el ministroBison\u00f3, junto a Cruz de Farach, el alcalde Ram\u00edrez y el presidente de la empresa Plastifar, Alejandro Farach,<\/p>\n\n\n\n<p>A continuaci\u00f3n, todosparticiparon en la siembra de \u00e1rboles en el parque.<\/p>\n\n\n\n<p><strong>Sobre el parque<\/strong><\/p>\n\n\n\n<p>Los trabajos incluyeron el remozamiento del \u00e1rea perimetral del parque, pavimento general,aceras, jardiner\u00eda y paisajismo e instalaci\u00f3n de un\u00e1rea infantil con diversos juegos.<\/p>\n\n\n\n<p>Tambi\u00e9n, se instalaron postes y luminarias nuevas, se\u00f1al\u00e9tica informativa, mural educativo, gazebo y puntos limpios para clasificaci\u00f3n desechos.<\/p>\n\n\n\n<p><strong>Programa Parques Recreativos: de la industria a la comunidad<\/strong><\/p>\n\n\n\n<p>Es una iniciativa lideradapor la primera dama, se\u00f1oraRaquel Arbaje, y el MICM. Su objetivo es que industrias de manufactura, empresas y sus gremios contribuyan a la construcci\u00f3n o readecuaci\u00f3n de parques recreativos en comunidades cercanas a donde operan estas organizaciones.<\/p>\n","protected":false},"excerpt":{"rendered":"<p>Ban\u00ed, Peravia \u2013&nbsp;Con una inversi\u00f3n que sobrepasa los RD$4 millones, la primera dama, Raquel Arbaje; el ministro de Industria, Comercio y Mipymes (MICM), V\u00edctor Bison\u00f3; la presidenta de la Fundaci\u00f3n&hellip; <\/p>\n","protected":false},"author":2,"featured_media":35759,"comment_status":"closed","ping_status":"closed","sticky":false,"template":"","format":"standard","meta":{"fifu_image_url":"","fifu_image_alt":"","footnotes":""},"categories":[78],"tags":[],"class_list":["post-35758","post","type-post","status-publish","format-standard","has-post-thumbnail","hentry","category-con-responsabilidad"],"_links":{"self":[{"href":"https:\/\/elmundodelosnegocios.com.do\/v1\/wp-json\/wp\/v2\/posts\/35758","targetHints":{"allow":["GET"]}}],"collection":[{"href":"https:\/\/elmundodelosnegocios.com.do\/v1\/wp-json\/wp\/v2\/posts"}],"about":[{"href":"https:\/\/elmundodelosnegocios.com.do\/v1\/wp-json\/wp\/v2\/types\/post"}],"author":[{"embeddable":true,"href":"https:\/\/elmundodelosnegocios.com.do\/v1\/wp-json\/wp\/v2\/users\/2"}],"replies":[{"embeddable":true,"href":"https:\/\/elmundodelosnegocios.com.do\/v1\/wp-json\/wp\/v2\/comments?post=35758"}],"version-history":[{"count":0,"href":"https:\/\/elmundodelosnegocios.com.do\/v1\/wp-json\/wp\/v2\/posts\/35758\/revisions"}],"wp:featuredmedia":[{"embeddable":true,"href":"https:\/\/elmundodelosnegocios.com.do\/v1\/wp-json\/wp\/v2\/media\/35759"}],"wp:attachment":[{"href":"https:\/\/elmundodelosnegocios.com.do\/v1\/wp-json\/wp\/v2\/media?parent=35758"}],"wp:term":[{"taxonomy":"category","embeddable":true,"href":"https:\/\/elmundodelosnegocios.com.do\/v1\/wp-json\/wp\/v2\/categories?post=35758"},{"taxonomy":"post_tag","embeddable":true,"href":"https:\/\/elmundodelosnegocios.com.do\/v1\/wp-json\/wp\/v2\/tags?post=35758"}],"curies":[{"name":"wp","href":"https:\/\/api.w.org\/{rel}","templated":true}]}}