{"id":35789,"date":"2023-12-26T19:04:37","date_gmt":"2023-12-26T23:34:37","guid":{"rendered":"https:\/\/elmundodelosnegocios.com.do\/v1\/?p=35789"},"modified":"2023-12-26T19:04:39","modified_gmt":"2023-12-26T23:34:39","slug":"continua-banreservas-publicacion-obras-completas-pedro-mir","status":"publish","type":"post","link":"https:\/\/elmundodelosnegocios.com.do\/v1\/continua-banreservas-publicacion-obras-completas-pedro-mir\/","title":{"rendered":"Continua Banreservas publicaci\u00f3n Obras Completas Pedro Mir"},"content":{"rendered":"\n<p><em>Auspicia los tomos del 5 al 8 del poeta nacional para preservar su legado<\/em><\/p>\n\n\n\n<p>El Banco de Reservas y el Archivo General de la Naci\u00f3n (AGN) publicaron los tomos del 5 al 8 de las Obras Completas del poeta nacional, Pedro Mir (1913-2000), para honrar sus extraordinarios m\u00e9ritos literarios y preservar su legado para las presentes y futuras generaciones.&nbsp;<\/p>\n\n\n\n<figure class=\"wp-block-gallery has-nested-images columns-default is-cropped wp-block-gallery-1 is-layout-flex wp-block-gallery-is-layout-flex\">\n<figure class=\"wp-block-image size-large\"><img loading=\"lazy\" decoding=\"async\" width=\"1024\" height=\"681\" data-id=\"35790\" src=\"https:\/\/elmundodelosnegocios.com.do\/v1\/wp-content\/uploads\/2023\/12\/5-1-1024x681.jpg\" alt=\"Las obras de Pedro Mir se publican como parte de un esfuerzo conjunto entre Banreservas y el Archivo General de la Naci\u00f3n.\" class=\"wp-image-35790\" srcset=\"https:\/\/elmundodelosnegocios.com.do\/v1\/wp-content\/uploads\/2023\/12\/5-1-1024x681.jpg 1024w, https:\/\/elmundodelosnegocios.com.do\/v1\/wp-content\/uploads\/2023\/12\/5-1-300x200.jpg 300w, https:\/\/elmundodelosnegocios.com.do\/v1\/wp-content\/uploads\/2023\/12\/5-1-768x511.jpg 768w, https:\/\/elmundodelosnegocios.com.do\/v1\/wp-content\/uploads\/2023\/12\/5-1-1536x1022.jpg 1536w, https:\/\/elmundodelosnegocios.com.do\/v1\/wp-content\/uploads\/2023\/12\/5-1-2048x1363.jpg 2048w\" sizes=\"auto, (max-width: 1024px) 100vw, 1024px\" \/><figcaption class=\"wp-element-caption\">Las obras de Pedro Mir se publican como parte de un esfuerzo conjunto entre Banreservas y el Archivo General de la Naci\u00f3n. \n<\/figcaption><\/figure>\n<\/figure>\n\n\n\n<p>Wilson Rodr\u00edguez, director general de Relaciones P\u00fablicas de Banreservas, expres\u00f3 que la entidad presenta estos tomos con leg\u00edtimo orgullo y profunda satisfacci\u00f3n, porque Pedro Mir es un gran poeta que puso su sensibilidad y extraordinario talento creativo al servicio de su patria.<\/p>\n\n\n\n<figure class=\"wp-block-gallery has-nested-images columns-2 is-cropped wp-block-gallery-2 is-layout-flex wp-block-gallery-is-layout-flex\">\n<figure class=\"wp-block-image size-large\"><a href=\"http:\/\/elmundodelosnegocios.com.do\/v1\/wp-content\/uploads\/2023\/12\/1-19-scaled.jpg\"><img loading=\"lazy\" decoding=\"async\" width=\"1024\" height=\"681\" data-id=\"35792\" src=\"https:\/\/elmundodelosnegocios.com.do\/v1\/wp-content\/uploads\/2023\/12\/1-19-1024x681.jpg\" alt=\"Wilson Rodr\u00edguez, director general de Relaciones P\u00fablicas de Banreservas, durante la puesta en circulaci\u00f3n de los tomos del 5 al 8 de las Obras Completas de Pedro Mir.\" class=\"wp-image-35792\" srcset=\"https:\/\/elmundodelosnegocios.com.do\/v1\/wp-content\/uploads\/2023\/12\/1-19-1024x681.jpg 1024w, https:\/\/elmundodelosnegocios.com.do\/v1\/wp-content\/uploads\/2023\/12\/1-19-300x200.jpg 300w, https:\/\/elmundodelosnegocios.com.do\/v1\/wp-content\/uploads\/2023\/12\/1-19-768x511.jpg 768w, https:\/\/elmundodelosnegocios.com.do\/v1\/wp-content\/uploads\/2023\/12\/1-19-1536x1022.jpg 1536w, https:\/\/elmundodelosnegocios.com.do\/v1\/wp-content\/uploads\/2023\/12\/1-19-2048x1363.jpg 2048w\" sizes=\"auto, (max-width: 1024px) 100vw, 1024px\" \/><\/a><figcaption class=\"wp-element-caption\">Wilson Rodr\u00edguez, director general de Relaciones P\u00fablicas de Banreservas, durante la puesta en circulaci\u00f3n de los tomos del 5 al 8 de las Obras Completas de Pedro Mir.<\/figcaption><\/figure>\n\n\n\n<figure class=\"wp-block-image size-large\"><a href=\"http:\/\/elmundodelosnegocios.com.do\/v1\/wp-content\/uploads\/2023\/12\/2-7-scaled.jpg\"><img loading=\"lazy\" decoding=\"async\" width=\"1024\" height=\"681\" data-id=\"35791\" src=\"https:\/\/elmundodelosnegocios.com.do\/v1\/wp-content\/uploads\/2023\/12\/2-7-1024x681.jpg\" alt=\"Jos\u00e9 V\u00edlchez, subdirector del Archivo General de la Naci\u00f3n, durante la puesta en circulaci\u00f3n de los tomos del 5 al 8 de las Obras Completas de Pedro Mir.\" class=\"wp-image-35791\" srcset=\"https:\/\/elmundodelosnegocios.com.do\/v1\/wp-content\/uploads\/2023\/12\/2-7-1024x681.jpg 1024w, https:\/\/elmundodelosnegocios.com.do\/v1\/wp-content\/uploads\/2023\/12\/2-7-300x200.jpg 300w, https:\/\/elmundodelosnegocios.com.do\/v1\/wp-content\/uploads\/2023\/12\/2-7-768x511.jpg 768w, https:\/\/elmundodelosnegocios.com.do\/v1\/wp-content\/uploads\/2023\/12\/2-7-1536x1022.jpg 1536w, https:\/\/elmundodelosnegocios.com.do\/v1\/wp-content\/uploads\/2023\/12\/2-7-2048x1363.jpg 2048w\" sizes=\"auto, (max-width: 1024px) 100vw, 1024px\" \/><\/a><figcaption class=\"wp-element-caption\">Jos\u00e9 V\u00edlchez, subdirector del Archivo General de la Naci\u00f3n, durante la puesta en circulaci\u00f3n de los tomos del 5 al 8 de las Obras Completas de Pedro Mir.<\/figcaption><\/figure>\n\n\n\n<figure class=\"wp-block-image size-large\"><a href=\"http:\/\/elmundodelosnegocios.com.do\/v1\/wp-content\/uploads\/2023\/12\/3-5-scaled.jpg\"><img loading=\"lazy\" decoding=\"async\" width=\"1024\" height=\"681\" data-id=\"35793\" src=\"https:\/\/elmundodelosnegocios.com.do\/v1\/wp-content\/uploads\/2023\/12\/3-5-1024x681.jpg\" alt=\"Mija\u00edl Peralta, gerente de Cultura de Banreservas, durante la puesta en circulaci\u00f3n de los tomos del 5 al 8 de las Obras Completas de Pedro Mir.\" class=\"wp-image-35793\" srcset=\"https:\/\/elmundodelosnegocios.com.do\/v1\/wp-content\/uploads\/2023\/12\/3-5-1024x681.jpg 1024w, https:\/\/elmundodelosnegocios.com.do\/v1\/wp-content\/uploads\/2023\/12\/3-5-300x200.jpg 300w, https:\/\/elmundodelosnegocios.com.do\/v1\/wp-content\/uploads\/2023\/12\/3-5-768x511.jpg 768w, https:\/\/elmundodelosnegocios.com.do\/v1\/wp-content\/uploads\/2023\/12\/3-5-1536x1022.jpg 1536w, https:\/\/elmundodelosnegocios.com.do\/v1\/wp-content\/uploads\/2023\/12\/3-5-2048x1362.jpg 2048w\" sizes=\"auto, (max-width: 1024px) 100vw, 1024px\" \/><\/a><figcaption class=\"wp-element-caption\">Mija\u00edl Peralta, gerente de Cultura de Banreservas, durante la puesta en circulaci\u00f3n de los tomos del 5 al 8 de las Obras Completas de Pedro Mir.\n<\/figcaption><\/figure>\n<\/figure>\n\n\n\n<p>Rodr\u00edguez, en representaci\u00f3n del administrador general del Banco, Samuel Pereyra, exclam\u00f3: \u201cEs un hecho de todos conocido que la poes\u00eda es el g\u00e9nero al que el autor debe el mayor reconocimiento p\u00fablico y el cual lo define m\u00e1s plenamente. Nadie como \u00e9l para definir a los dominicanos con un s\u00edmbolo imperecedero: los habitantes de un pa\u00eds en el mundo, colocado en el mismo trayecto del sol\u201d.<\/p>\n\n\n\n<p>Estos nuevos cuatro tomos, una compilaci\u00f3n del historiado Juan Daniel Balc\u00e1cer, vienen a llenar un vac\u00edo en la bibliograf\u00eda nacional, con su variado e interesante contenido en el \u00e1mbito de la poes\u00eda, la investigaci\u00f3n hist\u00f3rica, la est\u00e9tica, el ensayo y la narrativa.<\/p>\n\n\n\n<p>Jos\u00e9 V\u00edlchez, subdirector del Archivo General de la Naci\u00f3n, expres\u00f3 su complacencia porque Banreservas acept\u00f3 copatrocinar esta edici\u00f3n de las Obras Completas de Pedro Mir.&nbsp;<\/p>\n\n\n\n<p>\u201cVista en conjunto, como se pone por primera vez al alcance del lector, la obra de Pedro Mir resalta por el producto grandioso de un escritor y pensador profundo, comprometido con su pueblo y con el destino del g\u00e9nero humano. Su obra portentosa est\u00e1 y seguir\u00e1 estando presente en el centro de la cultura dominicana, ha sido y seguir\u00e1 siendo un paradigma del deber ser\u201d, analiz\u00f3 el historiador.<\/p>\n\n\n\n<p>El tomo V comprende trabajos donde Pedro Mir analiza las relaciones pol\u00edticas internacionales y su incidencia en el suelo patrio, una interesante tesis sobre la pol\u00edtica exterior de dominaci\u00f3n norteamericana del presidente James Monroe.&nbsp;<\/p>\n\n\n\n<p>El tomo VI incluye ensayos relacionados con la Est\u00e9tica; el VII, abarca los textos: \u201cLa est\u00e9tica del soldadito\u201d y \u201cEl lapicida de los ojos morados\u201d. Mientras, el VIII est\u00e1 dedicado a su obra period\u00edstica.<\/p>\n\n\n\n<p>El programa de publicaci\u00f3n de las Obras Completas de Mir contempla otros dos tomos, hasta completar una colecci\u00f3n de diez libros que tratan a profundidad y con singular belleza una variada gama de t\u00f3picos.<\/p>\n\n\n\n<p>La obra fue puesta en circulaci\u00f3n en el Centro Cultural Banreservas, en la Isabel la Cat\u00f3lica, con la asistencia de familiares del laureado poeta: hijos, nietos y biznietos, as\u00ed como destacados escritores, artistas visuales y otros intelectuales.<\/p>\n","protected":false},"excerpt":{"rendered":"<p>Auspicia los tomos del 5 al 8 del poeta nacional para preservar su legado El Banco de Reservas y el Archivo General de la Naci\u00f3n (AGN) publicaron los tomos del&hellip; <\/p>\n","protected":false},"author":2,"featured_media":35790,"comment_status":"closed","ping_status":"closed","sticky":false,"template":"","format":"standard","meta":{"fifu_image_url":"","fifu_image_alt":"","footnotes":""},"categories":[148],"tags":[],"class_list":["post-35789","post","type-post","status-publish","format-standard","has-post-thumbnail","hentry","category-cultura"],"_links":{"self":[{"href":"https:\/\/elmundodelosnegocios.com.do\/v1\/wp-json\/wp\/v2\/posts\/35789","targetHints":{"allow":["GET"]}}],"collection":[{"href":"https:\/\/elmundodelosnegocios.com.do\/v1\/wp-json\/wp\/v2\/posts"}],"about":[{"href":"https:\/\/elmundodelosnegocios.com.do\/v1\/wp-json\/wp\/v2\/types\/post"}],"author":[{"embeddable":true,"href":"https:\/\/elmundodelosnegocios.com.do\/v1\/wp-json\/wp\/v2\/users\/2"}],"replies":[{"embeddable":true,"href":"https:\/\/elmundodelosnegocios.com.do\/v1\/wp-json\/wp\/v2\/comments?post=35789"}],"version-history":[{"count":0,"href":"https:\/\/elmundodelosnegocios.com.do\/v1\/wp-json\/wp\/v2\/posts\/35789\/revisions"}],"wp:featuredmedia":[{"embeddable":true,"href":"https:\/\/elmundodelosnegocios.com.do\/v1\/wp-json\/wp\/v2\/media\/35790"}],"wp:attachment":[{"href":"https:\/\/elmundodelosnegocios.com.do\/v1\/wp-json\/wp\/v2\/media?parent=35789"}],"wp:term":[{"taxonomy":"category","embeddable":true,"href":"https:\/\/elmundodelosnegocios.com.do\/v1\/wp-json\/wp\/v2\/categories?post=35789"},{"taxonomy":"post_tag","embeddable":true,"href":"https:\/\/elmundodelosnegocios.com.do\/v1\/wp-json\/wp\/v2\/tags?post=35789"}],"curies":[{"name":"wp","href":"https:\/\/api.w.org\/{rel}","templated":true}]}}