{"id":35795,"date":"2023-12-26T19:06:44","date_gmt":"2023-12-26T23:36:44","guid":{"rendered":"https:\/\/elmundodelosnegocios.com.do\/v1\/?p=35795"},"modified":"2023-12-26T19:06:46","modified_gmt":"2023-12-26T23:36:46","slug":"descarta-tribunal-recurso-amparo-contra-nueva-central-electrica-las-galeras","status":"publish","type":"post","link":"https:\/\/elmundodelosnegocios.com.do\/v1\/descarta-tribunal-recurso-amparo-contra-nueva-central-electrica-las-galeras\/","title":{"rendered":"Descarta Tribunal recurso amparo contra nueva central el\u00e9ctrica Las Galeras"},"content":{"rendered":"\n<p>SAMAN\u00c1,R.D. Diciembre 26, 2023.- Un juez del Distrito Judicial de&nbsp;Saman\u00e1 declar\u00f3&nbsp;inadmisible la acci\u00f3n de amparo&nbsp;presentada por el Instituto de Abogados para la Protecci\u00f3n del Medio Ambiente (INSAPROMA), con la que se pretend\u00eda&nbsp;impedir la reubicaci\u00f3n de los equipos de producci\u00f3n&nbsp;de energ\u00eda de la Generadora El\u00e9ctrica de Saman\u00e1,&nbsp;(GES) que actualmente est\u00e1n en el&nbsp;\u00e1rea urbana de la comunidad de Las Galeras.<\/p>\n\n\n<div class=\"wp-block-image\">\n<figure class=\"aligncenter size-full\"><img loading=\"lazy\" decoding=\"async\" width=\"1024\" height=\"947\" src=\"https:\/\/elmundodelosnegocios.com.do\/v1\/wp-content\/uploads\/2023\/12\/Las-Galeras-Samana.jpeg\" alt=\"\" class=\"wp-image-35796\" srcset=\"https:\/\/elmundodelosnegocios.com.do\/v1\/wp-content\/uploads\/2023\/12\/Las-Galeras-Samana.jpeg 1024w, https:\/\/elmundodelosnegocios.com.do\/v1\/wp-content\/uploads\/2023\/12\/Las-Galeras-Samana-300x277.jpeg 300w, https:\/\/elmundodelosnegocios.com.do\/v1\/wp-content\/uploads\/2023\/12\/Las-Galeras-Samana-768x710.jpeg 768w\" sizes=\"auto, (max-width: 1024px) 100vw, 1024px\" \/><\/figure>\n<\/div>\n\n\n<p>La sentencia fue emitida por el magistrado Modesto Amarante Pe\u00f1a, juez de la C\u00e1mara Civil, Comercial y de Trabajo del Juzgado de Primera Instancia de Saman\u00e1, el pasado d\u00eda 8 de diciembre. La audiencia se celebr\u00f3&nbsp;despu\u00e9s de 3 reenv\u00edos provocados por faltas en el procedimiento atribuibles a ISAPROMA y la decisi\u00f3n&nbsp;fue publicada el 22 de diciembre.<\/p>\n\n\n\n<p>La nueva ubicaci\u00f3n se encuentra a unos 8 kil\u00f3metros del centro de Las Galeras, una zona sin vocaci\u00f3n&nbsp;tur\u00edstica, en el centro de una propiedad de 50 mil metros cuadrados sin viviendas vecinas.&nbsp;All\u00ed&nbsp;se instalan dos nuevas unidades que aportar\u00e1n 2.9 Mw, y tambi\u00e9n&nbsp;se mudar\u00e1n las 3 unidades actuales que producen 3.7 Mw, para sumar 6.6 Mw. Cada equipo funcionar\u00e1&nbsp;en m\u00f3dulos independientes insonorizados.<\/p>\n\n\n\n<p>La instalaci\u00f3n objetada, dice la sentencia, se est\u00e1&nbsp;desarrollando despu\u00e9s&nbsp;de realizar dos vistas p\u00fablicas, y obtener la licencia ambiental emitida el 28 de septiembre del 2023 por el Ministerio de Medioambiente y Recursos Naturales, que establece las previsiones que deben adoptarse en estos caso, incluyendo un sistema para prevenir que un derrame de combustible no produzca da\u00f1os&nbsp;ambientales.<\/p>\n\n\n\n<p>\u201cEn el presente caso&nbsp;\u2013&nbsp;dice el Juez&nbsp;\u2013&nbsp;fue agotado el debido proceso de solicitud de la licencia ambiental y estudios medioambientales que conllevaron\u201d&nbsp;al ministerio a&nbsp;\u201cponderar los impactos ambientales&nbsp;y las posibles correcciones a los mismos a fin de tomar los correctivos de los impactos m\u00ednimos&nbsp;&nbsp;al medioambiente\u201d.<\/p>\n\n\n\n<p>En lo relativo al argumento de INSAPROMA de que la acci\u00f3n de amparo se deb\u00eda a&nbsp;\u201cda\u00f1o&nbsp;ambiental y a la salud\u201d ocasionado por GES, la sentencia indica que&nbsp;\u201cel tribunal no ha podido percibir a futuro en qu\u00e9&nbsp;consistir\u00edan&nbsp;&nbsp;los posibles&nbsp;da\u00f1os\u201d&nbsp;porque los elementos de pruebas aportados&nbsp;\u201cresultan ser circunstanciales, subjetivos y no vinculantes al caso que nos apodera, pues fueron depositadas algunas pruebas de supuestos y casos que no guardan similitud, y los mismos corresponden a otros procesos\u201d, que si bien se refiere a la protecci\u00f3n del medioambiente,&nbsp;\u201cno guardan&nbsp;relaci\u00f3n\u201d&nbsp;con el reclamo de amparo.<\/p>\n\n\n\n<p>En lo relacionado con los posibles da\u00f1os ambientales, dice la sentencia,&nbsp;\u201cque ser\u00edan producidos a futuro, ha resultado al tribunal dif\u00edcil advertirlos\u201d, porque los abogados ambientalistas&nbsp;\u201cno han puesto de manifiesto, ni en condiciones al tribunal de determinar los puntos de inter\u00e9s\u201d.<\/p>\n\n\n\n<p>El juez cita como&nbsp;\u201cpuntos de inter\u00e9s\u201d: los&nbsp;\u201cdecibeles de ruido que producir\u00edan &nbsp;plantas&nbsp;que&nbsp;a\u00fan, no se&nbsp;han instalado; si las plantas cuentan con&nbsp;los&nbsp;filtros&nbsp;de procesamiento&nbsp;de desechos de&nbsp;humos&nbsp;esas&nbsp;plantas;&nbsp;a qu\u00e9&nbsp;distancia&nbsp;se sit\u00faa&nbsp;la&nbsp;vivienda o viviendas m\u00e1s pr\u00f3ximas; qui\u00e9n o quienes se ver\u00edan afectados y en&nbsp;qu\u00e9&nbsp;medida\u201d.<\/p>\n","protected":false},"excerpt":{"rendered":"<p>SAMAN\u00c1,R.D. Diciembre 26, 2023.- Un juez del Distrito Judicial de&nbsp;Saman\u00e1 declar\u00f3&nbsp;inadmisible la acci\u00f3n de amparo&nbsp;presentada por el Instituto de Abogados para la Protecci\u00f3n del Medio Ambiente (INSAPROMA), con la que&hellip; <\/p>\n","protected":false},"author":2,"featured_media":35796,"comment_status":"closed","ping_status":"closed","sticky":false,"template":"","format":"standard","meta":{"fifu_image_url":"","fifu_image_alt":"","footnotes":""},"categories":[182],"tags":[],"class_list":["post-35795","post","type-post","status-publish","format-standard","has-post-thumbnail","hentry","category-energia"],"_links":{"self":[{"href":"https:\/\/elmundodelosnegocios.com.do\/v1\/wp-json\/wp\/v2\/posts\/35795","targetHints":{"allow":["GET"]}}],"collection":[{"href":"https:\/\/elmundodelosnegocios.com.do\/v1\/wp-json\/wp\/v2\/posts"}],"about":[{"href":"https:\/\/elmundodelosnegocios.com.do\/v1\/wp-json\/wp\/v2\/types\/post"}],"author":[{"embeddable":true,"href":"https:\/\/elmundodelosnegocios.com.do\/v1\/wp-json\/wp\/v2\/users\/2"}],"replies":[{"embeddable":true,"href":"https:\/\/elmundodelosnegocios.com.do\/v1\/wp-json\/wp\/v2\/comments?post=35795"}],"version-history":[{"count":0,"href":"https:\/\/elmundodelosnegocios.com.do\/v1\/wp-json\/wp\/v2\/posts\/35795\/revisions"}],"wp:featuredmedia":[{"embeddable":true,"href":"https:\/\/elmundodelosnegocios.com.do\/v1\/wp-json\/wp\/v2\/media\/35796"}],"wp:attachment":[{"href":"https:\/\/elmundodelosnegocios.com.do\/v1\/wp-json\/wp\/v2\/media?parent=35795"}],"wp:term":[{"taxonomy":"category","embeddable":true,"href":"https:\/\/elmundodelosnegocios.com.do\/v1\/wp-json\/wp\/v2\/categories?post=35795"},{"taxonomy":"post_tag","embeddable":true,"href":"https:\/\/elmundodelosnegocios.com.do\/v1\/wp-json\/wp\/v2\/tags?post=35795"}],"curies":[{"name":"wp","href":"https:\/\/api.w.org\/{rel}","templated":true}]}}