{"id":35804,"date":"2023-12-26T19:24:30","date_gmt":"2023-12-26T23:54:30","guid":{"rendered":"https:\/\/elmundodelosnegocios.com.do\/v1\/?p=35804"},"modified":"2023-12-26T19:24:32","modified_gmt":"2023-12-26T23:54:32","slug":"atribuye-director-idac-meta-10-millones-a-suma-esfuerzos-y-voluntades-bajo-liderazgo-abinader","status":"publish","type":"post","link":"https:\/\/elmundodelosnegocios.com.do\/v1\/atribuye-director-idac-meta-10-millones-a-suma-esfuerzos-y-voluntades-bajo-liderazgo-abinader\/","title":{"rendered":"Atribuye Director IDAC meta 10 millones a suma esfuerzos y voluntades bajo liderazgo Abinader"},"content":{"rendered":"\n<p>REP\u00daBLICA DOMINICANA, Diciembre 26, 2023.- El director general del Instituto Dominicano de Aviaci\u00f3n Civil (IDAC), H\u00e9ctor Porcella, afirm\u00f3 que la meta de los 10 millones de visitantes, alcanzada por el pa\u00eds este 26 de diciembre, ha sido resultado de la suma de esfuerzos y voluntades de todos los sectores que forman parte de la industria tur\u00edstica nacional, bajo el liderazgo del presidente Abinader.<\/p>\n\n\n\n<figure class=\"wp-block-image size-large\"><img loading=\"lazy\" decoding=\"async\" width=\"1024\" height=\"682\" src=\"http:\/\/elmundodelosnegocios.com.do\/v1\/wp-content\/uploads\/2023\/12\/Hector-Porcella-director-general-interino-del-IDAC-1024x682.jpg\" alt=\"H\u00e9ctor Porcella, director general interino del IDAC\" class=\"wp-image-35805\" srcset=\"https:\/\/elmundodelosnegocios.com.do\/v1\/wp-content\/uploads\/2023\/12\/Hector-Porcella-director-general-interino-del-IDAC-1024x682.jpg 1024w, https:\/\/elmundodelosnegocios.com.do\/v1\/wp-content\/uploads\/2023\/12\/Hector-Porcella-director-general-interino-del-IDAC-300x200.jpg 300w, https:\/\/elmundodelosnegocios.com.do\/v1\/wp-content\/uploads\/2023\/12\/Hector-Porcella-director-general-interino-del-IDAC-768x512.jpg 768w, https:\/\/elmundodelosnegocios.com.do\/v1\/wp-content\/uploads\/2023\/12\/Hector-Porcella-director-general-interino-del-IDAC.jpg 1280w\" sizes=\"auto, (max-width: 1024px) 100vw, 1024px\" \/><figcaption class=\"wp-element-caption\">H\u00e9ctor Porcella, director general interino del IDAC <\/figcaption><\/figure>\n\n\n\n<p>Porcella felicit\u00f3 al presidente Abinader, al ministro de Turismo David Collado, al liderazgo tur\u00edstico privado, encabezado por ASONAHORES, y al sector de la aviaci\u00f3n civil, por hacer posible una meta que hace apenas tres a\u00f1os parec\u00eda inalcanzable.<\/p>\n\n\n\n<p>Dijo que la decisi\u00f3n del mandatario de crear el gabinete de Turismo, como lo hizo tambi\u00e9n en otras \u00e1reas de la administraci\u00f3n p\u00fablica, fue una estrategia certera y oportuna para acelerar la recuperaci\u00f3n del sector econ\u00f3mico de mayor impacto en la Rep\u00fablica Dominicana.<\/p>\n\n\n\n<p>\u201cEl trabajo en equipo encabezado por el presidente Abinader y el ministro Collado fue un factor clave para que nuestro pa\u00eds lograra la proeza de encabezar la recuperaci\u00f3n del turismo y del tr\u00e1fico en Am\u00e9rica Latina, tras el impacto de la pandemia\u201d, apunt\u00f3 Porcella.<\/p>\n\n\n\n<p>Record\u00f3 que en el pasado mes de julio, el presidente Abinader proclam\u00f3 que en el 2023 se lograr\u00eda la meta de los 10 millones en el momento en que ratific\u00f3 su apoyo al sector de la aeronavegaci\u00f3n hasta convertir al pa\u00eds en el Hub a\u00e9reo del Caribe y Centroam\u00e9rica.<\/p>\n\n\n\n<p><strong>Ministro de Turismo recibi\u00f3 al visitante 10 millones<\/strong><\/p>\n\n\n\n<p>El ministro de Turismo, David Collado, inform\u00f3 que este 26 de diciembre, Rep\u00fablica Dominicana recibi\u00f3 su visitante n\u00famero 10 millones del 2023, lo que marc\u00f3 un hito sin precedentes en el turismo del pa\u00eds y de toda la regi\u00f3n.<\/p>\n\n\n\n<p>Collado indic\u00f3 que la tan anhelada cifra se alcanz\u00f3 por primera vez en la historia del pa\u00eds gracias al trabajo estrat\u00e9gico desarrollado en conjunto entre el sector p\u00fablico y privado, as\u00ed como a la visi\u00f3n del presidente Luis Abinader y la confianza que deposit\u00f3 el mandatario en los profesionales del ministerio para realizar una labor sin precedentes.<\/p>\n\n\n\n<p>Seg\u00fan las cifras presentadas, en un acto celebrado en el Aeropuerto Internacional de Punta Cana, la Rep\u00fablica Dominicana logr\u00f3 sobrepasar los 10 millones de visitantes gracias una llegada de 7,863,542 turistas que llegaron por la v\u00eda a\u00e9rea, m\u00e1s unos 2,168,209 cruceristas que llegaron al pa\u00eds por v\u00eda mar\u00edtima.<\/p>\n\n\n\n<p>\u201cLlegar a los 10 millones de turistas entre v\u00eda a\u00e9rea y cruceros es un hecho que debe de llenar de orgullo a todo el pa\u00eds, sin importar banderas pol\u00edticas, pues cada uno de esos visitantes son amigos del pa\u00eds que contribuyen al desarrollo, al empleo, al campo, a la construcci\u00f3n y a que todo el aparato productivo del pa\u00eds siga creciendo\u201d afirm\u00f3 Collado.<\/p>\n\n\n\n<p>MITUR present\u00f3 las cifras del impacto econ\u00f3mico que ha tenido el turismo este a\u00f1o en la Rep\u00fablica Dominicana teniendo m\u00e1s de 620 mil empleos directos y una generaci\u00f3n de divisas estimadas superior a los 11 mil millones de d\u00f3lares.<\/p>\n\n\n\n<p>Rep\u00fablica Dominicana es el pa\u00eds que m\u00e1s ha crecido en llegadas de turistas en toda la regi\u00f3n del Caribe desde el 2019 a la fecha, pasando de 6.4 millones de visitantes a m\u00e1s de 10 millones; adem\u00e1s ha sido reconocida en varias ocasiones por diferentes organizaciones internacionales como el pa\u00eds n\u00famero 1 en materia de recuperaci\u00f3n de turismo post COVID.<\/p>\n","protected":false},"excerpt":{"rendered":"<p>REP\u00daBLICA DOMINICANA, Diciembre 26, 2023.- El director general del Instituto Dominicano de Aviaci\u00f3n Civil (IDAC), H\u00e9ctor Porcella, afirm\u00f3 que la meta de los 10 millones de visitantes, alcanzada por el&hellip; <\/p>\n","protected":false},"author":2,"featured_media":35805,"comment_status":"closed","ping_status":"closed","sticky":false,"template":"","format":"standard","meta":{"fifu_image_url":"","fifu_image_alt":"","footnotes":""},"categories":[169],"tags":[],"class_list":["post-35804","post","type-post","status-publish","format-standard","has-post-thumbnail","hentry","category-transporte-internacional"],"_links":{"self":[{"href":"https:\/\/elmundodelosnegocios.com.do\/v1\/wp-json\/wp\/v2\/posts\/35804","targetHints":{"allow":["GET"]}}],"collection":[{"href":"https:\/\/elmundodelosnegocios.com.do\/v1\/wp-json\/wp\/v2\/posts"}],"about":[{"href":"https:\/\/elmundodelosnegocios.com.do\/v1\/wp-json\/wp\/v2\/types\/post"}],"author":[{"embeddable":true,"href":"https:\/\/elmundodelosnegocios.com.do\/v1\/wp-json\/wp\/v2\/users\/2"}],"replies":[{"embeddable":true,"href":"https:\/\/elmundodelosnegocios.com.do\/v1\/wp-json\/wp\/v2\/comments?post=35804"}],"version-history":[{"count":0,"href":"https:\/\/elmundodelosnegocios.com.do\/v1\/wp-json\/wp\/v2\/posts\/35804\/revisions"}],"wp:featuredmedia":[{"embeddable":true,"href":"https:\/\/elmundodelosnegocios.com.do\/v1\/wp-json\/wp\/v2\/media\/35805"}],"wp:attachment":[{"href":"https:\/\/elmundodelosnegocios.com.do\/v1\/wp-json\/wp\/v2\/media?parent=35804"}],"wp:term":[{"taxonomy":"category","embeddable":true,"href":"https:\/\/elmundodelosnegocios.com.do\/v1\/wp-json\/wp\/v2\/categories?post=35804"},{"taxonomy":"post_tag","embeddable":true,"href":"https:\/\/elmundodelosnegocios.com.do\/v1\/wp-json\/wp\/v2\/tags?post=35804"}],"curies":[{"name":"wp","href":"https:\/\/api.w.org\/{rel}","templated":true}]}}