{"id":35846,"date":"2024-01-04T10:03:08","date_gmt":"2024-01-04T14:33:08","guid":{"rendered":"https:\/\/elmundodelosnegocios.com.do\/v1\/?p=35846"},"modified":"2024-01-04T10:03:10","modified_gmt":"2024-01-04T14:33:10","slug":"presidente-abinader-entrega-hospital-provincial-dr-elio-fiallo-y-centro-de-primer-nivel-en-pedernales","status":"publish","type":"post","link":"https:\/\/elmundodelosnegocios.com.do\/v1\/presidente-abinader-entrega-hospital-provincial-dr-elio-fiallo-y-centro-de-primer-nivel-en-pedernales\/","title":{"rendered":"Presidente Abinader entrega Hospital Provincial Dr. Elio Fiallo y Centro de Primer Nivel en Pedernales"},"content":{"rendered":"\n<p>Pedernales.-&nbsp;<strong>El presidente Luis Abinader<\/strong>&nbsp;entreg\u00f3 este mi\u00e9rcoles el remozado&nbsp;<strong>Hospital Provincial Dr. Elio Fiallo<\/strong>&nbsp;y el nuevo&nbsp;<strong>Centro de Primer Nivel Pedernales 3-4<\/strong>, que acercan a la poblaci\u00f3n servicios y atenciones sanitarias&nbsp;<strong>en espacios dignos<\/strong>.<\/p>\n\n\n\n<p>Esto, a su vez, eleva la calidad de vida de los habitantes de dicha provincia, impactando&nbsp;<strong>a miles de personas<\/strong>&nbsp;de esta zona y otras aleda\u00f1as.<\/p>\n\n\n\n<p>Al dirigirse a los presentes, el presidente Abinader afirm\u00f3 que<em>&nbsp;\u201cpara que este destino se desarrolle de manera integral, de manera correcta y con \u00e9xito, ten\u00edamos que mejorar este hospital\u201d<\/em>, el cual ahora est\u00e1 en condiciones para brindar servicios de salud de manera digna&nbsp;<strong>a los residentes de la zona y a los turistas.<\/strong>&nbsp;<\/p>\n\n\n\n<figure class=\"wp-block-image\"><img decoding=\"async\" src=\"https:\/\/presidencia.gob.do\/sites\/default\/files\/inline-images\/WhatsApp%20Image%202024-01-04%20at%206.52.34%20AM.jpeg\" alt=\"\"\/><\/figure>\n\n\n\n<p>Adem\u00e1s resalt\u00f3 que la inversi\u00f3n que se realiza en esta gesti\u00f3n de gobierno es mucho m\u00e1s eficiente que en a\u00f1os anteriores, por lo que se ha podido equipar estos centros con&nbsp;<strong>equipos de alta calidad a menor costo.<\/strong><\/p>\n\n\n\n<p><em>\u201cPor eso es fundamental disponer de los recursos de manera correcta, con transparencia y honestidad\u201d.<\/em><\/p>\n\n\n\n<p>Los trabajos de construcci\u00f3n fueron ejecutados por el Servicio Nacional de Salud&nbsp;<strong>(SNS)<\/strong>, con un monto de&nbsp;<strong>RD 89,707,298.62.<\/strong><\/p>\n\n\n\n<p>El titular del SNS,&nbsp;<strong>Mario Lama<\/strong>, destac\u00f3 que estos centros forman parte del compromiso del presidente Luis Abinader de acercar&nbsp;<strong>salud de calidad y vanguardista a cada ciudadano.<\/strong><\/p>\n\n\n\n<p>Asimismo destac\u00f3 que ahora el centro cuenta con los espacios y equipos necesarios para cirug\u00edas diversas y que&nbsp;<strong>los referimientos a otros centros se han reducido<\/strong>&nbsp;<strong>en un 80 %.<\/strong><\/p>\n\n\n\n<p><strong>Hospital Provincial Dr. Elio Fiallo<\/strong><\/p>\n\n\n\n<figure class=\"wp-block-image\"><img decoding=\"async\" src=\"https:\/\/presidencia.gob.do\/sites\/default\/files\/inline-images\/WhatsApp%20Image%202024-01-04%20at%206.52.36%20AM%20%281%29.jpeg\" alt=\"\"\/><\/figure>\n\n\n\n<p>La inversi\u00f3n en infraestructura y equipos para este centro es de&nbsp;<strong>RD 71,147,331.5<\/strong>, monto con el cual se adecu\u00f3 el \u00e1rea de emergencia, que ahora cuenta con diez camas de observaci\u00f3n y enfermer\u00eda.<\/p>\n\n\n\n<p>Tambi\u00e9n dispone de 33 camas de internamiento, laboratorio, rayos X, sonograf\u00eda, cinco consultorios, odontolog\u00eda, vacuna y farmacia, unidad quir\u00fargica, sala de parto y \u00e1rea de esterilizaci\u00f3n, entre otras.&nbsp;<\/p>\n\n\n\n<p><strong>CPN<\/strong><\/p>\n\n\n\n<p>En tanto, el nuevo Centro de Primer Nivel Pedernales 3-4, construido con&nbsp;<strong>m\u00e1s de RD18 millones<\/strong>, consta de cuatro consultorios, tres polivalentes y uno odontol\u00f3gico, \u00e1rea de vacuna, emergencia y farmacia. Igualmente tiene su residencia m\u00e9dica con sala, comedor, cocina, dos dormitorios, ba\u00f1os y \u00e1rea de lavado.<\/p>\n\n\n\n<p>En el acto estuvieron presentes, la primera dama&nbsp;<strong>Raquel Arbaje<\/strong>; la gobernadora&nbsp;<strong>Altagracia Brea de Gonz\u00e1lez<\/strong>; el ministro de la Presidencia,&nbsp;<strong>Joel Santos<\/strong>; el director de Alianzas P\u00fablico-Privada,&nbsp;<strong>Sigmund Freund<\/strong>, y el director del Intrant,&nbsp;<strong>Randolfo Rijo<\/strong>, as\u00ed como diputados, entre otros.<\/p>\n","protected":false},"excerpt":{"rendered":"<p>Pedernales.-&nbsp;El presidente Luis Abinader&nbsp;entreg\u00f3 este mi\u00e9rcoles el remozado&nbsp;Hospital Provincial Dr. Elio Fiallo&nbsp;y el nuevo&nbsp;Centro de Primer Nivel Pedernales 3-4, que acercan a la poblaci\u00f3n servicios y atenciones sanitarias&nbsp;en espacios dignos.&hellip; <\/p>\n","protected":false},"author":2,"featured_media":35847,"comment_status":"closed","ping_status":"closed","sticky":false,"template":"","format":"standard","meta":{"fifu_image_url":"","fifu_image_alt":"","footnotes":""},"categories":[80],"tags":[],"class_list":["post-35846","post","type-post","status-publish","format-standard","has-post-thumbnail","hentry","category-salud"],"_links":{"self":[{"href":"https:\/\/elmundodelosnegocios.com.do\/v1\/wp-json\/wp\/v2\/posts\/35846","targetHints":{"allow":["GET"]}}],"collection":[{"href":"https:\/\/elmundodelosnegocios.com.do\/v1\/wp-json\/wp\/v2\/posts"}],"about":[{"href":"https:\/\/elmundodelosnegocios.com.do\/v1\/wp-json\/wp\/v2\/types\/post"}],"author":[{"embeddable":true,"href":"https:\/\/elmundodelosnegocios.com.do\/v1\/wp-json\/wp\/v2\/users\/2"}],"replies":[{"embeddable":true,"href":"https:\/\/elmundodelosnegocios.com.do\/v1\/wp-json\/wp\/v2\/comments?post=35846"}],"version-history":[{"count":0,"href":"https:\/\/elmundodelosnegocios.com.do\/v1\/wp-json\/wp\/v2\/posts\/35846\/revisions"}],"wp:featuredmedia":[{"embeddable":true,"href":"https:\/\/elmundodelosnegocios.com.do\/v1\/wp-json\/wp\/v2\/media\/35847"}],"wp:attachment":[{"href":"https:\/\/elmundodelosnegocios.com.do\/v1\/wp-json\/wp\/v2\/media?parent=35846"}],"wp:term":[{"taxonomy":"category","embeddable":true,"href":"https:\/\/elmundodelosnegocios.com.do\/v1\/wp-json\/wp\/v2\/categories?post=35846"},{"taxonomy":"post_tag","embeddable":true,"href":"https:\/\/elmundodelosnegocios.com.do\/v1\/wp-json\/wp\/v2\/tags?post=35846"}],"curies":[{"name":"wp","href":"https:\/\/api.w.org\/{rel}","templated":true}]}}