{"id":35868,"date":"2024-01-08T03:05:39","date_gmt":"2024-01-08T07:35:39","guid":{"rendered":"https:\/\/elmundodelosnegocios.com.do\/v1\/index.php\/2024\/01\/08\/la-primera-semana-de-la-moda-de-chuxiong-pone-de-relieve-la-cultura-de-los-trajes-etnicos-de-yunnan\/"},"modified":"2024-01-08T03:05:39","modified_gmt":"2024-01-08T07:35:39","slug":"la-primera-semana-de-la-moda-de-chuxiong-pone-de-relieve-la-cultura-de-los-trajes-etnicos-de-yunnan","status":"publish","type":"post","link":"https:\/\/elmundodelosnegocios.com.do\/v1\/la-primera-semana-de-la-moda-de-chuxiong-pone-de-relieve-la-cultura-de-los-trajes-etnicos-de-yunnan\/","title":{"rendered":"La primera Semana de la Moda de Chuxiong pone de relieve la cultura de los trajes \u00e9tnicos de Yunnan"},"content":{"rendered":"<p>CHUXIONG, China&#8211;(BUSINESS WIRE)&#8211;La noche del 5 de enero se celebr\u00f3 en el Gran Teatro Chuxiong de la prefectura aut\u00f3noma de Chuxiong Yi, provincia china de Yunnan, la primera gala de la Semana de la Moda de Chuxiong, que puso en el punto de mira la cultura de los trajes \u00e9tnicos de Yunnan.<br \/>\nLa ceremonia comenz\u00f3 con canciones melodiosas y elegantes, seguidas de tres cap\u00edtulos: \u00abSo\u00f1ando mil a\u00f1os atr\u00e1s\u00bb, \u00abDe la mano de la moda\u00bb y \u00abGuardi\u00e1n\u00bb. Estas actuaciones ofrecieron al p\u00fablico la oportunidad de experimentar visualmente el encanto de la ropa y la moda \u00e9tnicas.<br \/>\nAsimismo, se anunci\u00f3 la lista de unidades, empresas y dise\u00f1adores galardonados con el primer Premio a la Contribuci\u00f3n a la Semana de la Moda de Chuxiong. Adem\u00e1s, se present\u00f3 el \u00ab\u00cdndice Xinhua de la Semana de la Moda de Chuxiong\u00bb.<br \/>\nCasi todos los medios de comunicaci\u00f3n m\u00e1s importantes de China a nivel nacional y los medios locales de Yunnan retransmitieron en directo por Internet el gran acontecimiento, con m\u00e1s de 20 millones de espectadores.<br \/>\nSeg\u00fan el organizador, la gala es uno de los actos de la primera edici\u00f3n de la \u00bb Semana de la Moda China Chuxiong \u00ab, que se centra en mostrar la cultura de los trajes tradicionales \u00e9tnicos a trav\u00e9s de la moda. Su prop\u00f3sito es promover el intercambio cultural y el aprendizaje mutuo entre diversos grupos \u00e9tnicos, reforzar la identidad cultural entre personas de distintas etnias y mejorar la comunicaci\u00f3n y la integraci\u00f3n entre ellas.<br \/>\nLa Semana de la Moda, de 7 d\u00edas de duraci\u00f3n, es una nueva fusi\u00f3n del \u00abestilo chino\u00bb y el \u00abestilo global\u00bb, que inspira un nuevo atractivo. Adem\u00e1s de mostrar la belleza inherente de las prendas de diferentes grupos \u00e9tnicos, promueve la inclusi\u00f3n mutua y el aprendizaje entre diversas culturas, lo que permite al mundo apreciar su armon\u00eda.<br \/>\nLa Semana de la Moda supuso un espect\u00e1culo visual y conocer en profundidad la cultura \u00e9tnica. Recibi\u00f3 el apoyo de pa\u00edses como Laos, Myanmar, Camboya, Vietnam y Tailandia, as\u00ed como de numerosas empresas y dise\u00f1adores chinos de ropa \u00e9tnica. Hubo 39 magn\u00edficos desfiles, en los que se mostraron m\u00e1s de 1100 espectaculares conjuntos de ropa y accesorios \u00e9tnicos.<br \/>\nEsta Semana de la Moda tambi\u00e9n se ha convertido en una nueva oportunidad para que el mundo comprenda la extraordinaria cultura china. Las estad\u00edsticas iniciales indican que, durante la Semana de la Moda, adem\u00e1s de los medios de comunicaci\u00f3n chinos, varios medios internacionales tambi\u00e9n se interesaron por Chuxiong, y que la primera Semana de la Moda de Chuxiong alcanz\u00f3 una difusi\u00f3n online total de 1250 millones de veces a trav\u00e9s de diversas plataformas.<br \/>\nEn el futuro, Chuxiong aprovechar\u00e1 esta Semana de la Moda para ahondar en los recursos culturales \u00e9tnicos, ser heredera de la innovaci\u00f3n, liderar las tendencias de la moda, fortalecer las industrias culturales, crear marcas culturales atractivas y hacer lo posible por convertir Chuxiong en una capital diferenciada del patrimonio cultural inmaterial y la moda creativa.<br \/>\nEl comunicado en el idioma original es la versi\u00f3n oficial y autorizada del mismo. Esta traducci\u00f3n es solamente un medio de ayuda y deber\u00e1 ser comparada con el texto en idioma original, que es la \u00fanica versi\u00f3n del texto que tendr\u00e1 validez legal. Contacts<br \/>\nE. Zhou<br \/>\nCorreo electr\u00f3nico: evisionsinfo@gmail.com<\/p>\n","protected":false},"excerpt":{"rendered":"<p>CHUXIONG, China&#8211;(BUSINESS WIRE)&#8211;La noche del 5 de enero se celebr\u00f3 en el Gran Teatro Chuxiong de la prefectura aut\u00f3noma de Chuxiong Yi, provincia china de Yunnan, la primera gala de&hellip; <\/p>\n","protected":false},"author":2,"featured_media":35869,"comment_status":"closed","ping_status":"closed","sticky":false,"template":"","format":"standard","meta":{"fifu_image_url":"","fifu_image_alt":"","footnotes":""},"categories":[252],"tags":[253],"class_list":["post-35868","post","type-post","status-publish","format-standard","has-post-thumbnail","hentry","category-business-wire","tag-business-wire"],"_links":{"self":[{"href":"https:\/\/elmundodelosnegocios.com.do\/v1\/wp-json\/wp\/v2\/posts\/35868","targetHints":{"allow":["GET"]}}],"collection":[{"href":"https:\/\/elmundodelosnegocios.com.do\/v1\/wp-json\/wp\/v2\/posts"}],"about":[{"href":"https:\/\/elmundodelosnegocios.com.do\/v1\/wp-json\/wp\/v2\/types\/post"}],"author":[{"embeddable":true,"href":"https:\/\/elmundodelosnegocios.com.do\/v1\/wp-json\/wp\/v2\/users\/2"}],"replies":[{"embeddable":true,"href":"https:\/\/elmundodelosnegocios.com.do\/v1\/wp-json\/wp\/v2\/comments?post=35868"}],"version-history":[{"count":0,"href":"https:\/\/elmundodelosnegocios.com.do\/v1\/wp-json\/wp\/v2\/posts\/35868\/revisions"}],"wp:featuredmedia":[{"embeddable":true,"href":"https:\/\/elmundodelosnegocios.com.do\/v1\/wp-json\/wp\/v2\/media\/35869"}],"wp:attachment":[{"href":"https:\/\/elmundodelosnegocios.com.do\/v1\/wp-json\/wp\/v2\/media?parent=35868"}],"wp:term":[{"taxonomy":"category","embeddable":true,"href":"https:\/\/elmundodelosnegocios.com.do\/v1\/wp-json\/wp\/v2\/categories?post=35868"},{"taxonomy":"post_tag","embeddable":true,"href":"https:\/\/elmundodelosnegocios.com.do\/v1\/wp-json\/wp\/v2\/tags?post=35868"}],"curies":[{"name":"wp","href":"https:\/\/api.w.org\/{rel}","templated":true}]}}