{"id":35876,"date":"2024-01-08T08:00:09","date_gmt":"2024-01-08T12:30:09","guid":{"rendered":"https:\/\/elmundodelosnegocios.com.do\/v1\/?p=35876"},"modified":"2024-01-08T08:00:11","modified_gmt":"2024-01-08T12:30:11","slug":"turismo-asume-ruta-de-arte-y-color-en-puerto-plata","status":"publish","type":"post","link":"https:\/\/elmundodelosnegocios.com.do\/v1\/turismo-asume-ruta-de-arte-y-color-en-puerto-plata\/","title":{"rendered":"Turismo asume \u201cRuta de Arte y Color\u201d en Puerto Plata"},"content":{"rendered":"\n<p>El proyecto se erige como una manifestaci\u00f3n palpable de compromiso del Ministerio de Turismo, con la promoci\u00f3n de la historia, la cultura y las tradiciones locales<\/p>\n\n\n<div class=\"wp-block-image\">\n<figure class=\"aligncenter size-large\"><img decoding=\"async\" src=\"https:\/\/www.mitur.gob.do\/wp-content\/uploads\/2024\/01\/murales-puerto-plata-1024x615.webp\" alt=\"\"\/><\/figure>\n<\/div>\n\n\n<p>Puerto Plata. El Ministerio de Turismo trabaja en un plan de embellecimiento de Puerto Plata, pinta distintos lugares del municipio cabecera de San Felipe y tambi\u00e9n otras comunidades de la provincia.<\/p>\n\n\n\n<p>Atahualpa Paulino, director regional Norte de Turismo, dijo que esta provincia empieza a experimentar una metamorfosis visual \u00fanica gracias a la iniciativa de los murales, en la denominada \u201cRuta de Arte y Color\u201d.<\/p>\n\n\n\n<p>Paulino explic\u00f3 que este proyecto se erige como una manifestaci\u00f3n palpable de compromiso del Ministerio de Turismo, con la promoci\u00f3n de la historia, la cultura y las tradiciones locales, utilizando el arte mural y el color como catalizadores de cambio social.<\/p>\n\n\n\n<p>La selecci\u00f3n meticulosa de las propuestas art\u00edsticas, a cargo de Ceiztur, ha permitido que destacados artistas bajo la direcci\u00f3n de Yineida Fern\u00e1ndez, artistas locales como: Gregory Suero, Nelson Mendoza, Alex Jim\u00e9nez, Misael Amos, Oscar Mauricio, Adalberto de la Cruz, Lidisset Reyes, Luis Manuel Castro, entre otros, plasmen su creatividad y talento en estos espacios p\u00fablicos.<\/p>\n\n\n\n<p>\u201cEsta ruta va m\u00e1s all\u00e1 de la est\u00e9tica, buscando dignificar los espacios urbanos, fomentar un sentido de pertenencia entre los ciudadanos locales y cultivar admiraci\u00f3n y respeto en los visitantes que exploran la ciudad\u201d, apunta el funcionario.<\/p>\n\n\n\n<p>Paulino dijo que se trata de una visi\u00f3n transformadora, del ministro de Turismo, David Collado, de quien dijo ha desempe\u00f1ado un papel fundamental al liderar esta iniciativa con el objetivo claro de embellecer a Puerto Plata.<\/p>\n\n\n\n<p>\u201cSu compromiso con el bienestar, el arte, la cultura y el turismo ha sido crucial para impulsar este proyecto que ahora adorna el malec\u00f3n, la avenida Gregorio Luper\u00f3n, el Centro Hist\u00f3rico, la entrada de la ciudad y la zona del cementerio municipal\u201d, agrega. Paulino dijo que Puerto Plata dijo que no solo embellecem la ciudad, sino que tambi\u00e9n fortalece su identidad y atractivo, convirti\u00e9ndola en un destino culturalmente enriquecido para residentes y visitantes.<\/p>\n","protected":false},"excerpt":{"rendered":"<p>El proyecto se erige como una manifestaci\u00f3n palpable de compromiso del Ministerio de Turismo, con la promoci\u00f3n de la historia, la cultura y las tradiciones locales Puerto Plata. El Ministerio&hellip; <\/p>\n","protected":false},"author":2,"featured_media":35878,"comment_status":"closed","ping_status":"closed","sticky":false,"template":"","format":"standard","meta":{"fifu_image_url":"https:\/\/www.mitur.gob.do\/wp-content\/uploads\/2024\/01\/murales-puerto-plata-1024x615.webp","fifu_image_alt":"","footnotes":""},"categories":[172],"tags":[],"class_list":["post-35876","post","type-post","status-publish","format-standard","has-post-thumbnail","hentry","category-turismo"],"_links":{"self":[{"href":"https:\/\/elmundodelosnegocios.com.do\/v1\/wp-json\/wp\/v2\/posts\/35876","targetHints":{"allow":["GET"]}}],"collection":[{"href":"https:\/\/elmundodelosnegocios.com.do\/v1\/wp-json\/wp\/v2\/posts"}],"about":[{"href":"https:\/\/elmundodelosnegocios.com.do\/v1\/wp-json\/wp\/v2\/types\/post"}],"author":[{"embeddable":true,"href":"https:\/\/elmundodelosnegocios.com.do\/v1\/wp-json\/wp\/v2\/users\/2"}],"replies":[{"embeddable":true,"href":"https:\/\/elmundodelosnegocios.com.do\/v1\/wp-json\/wp\/v2\/comments?post=35876"}],"version-history":[{"count":0,"href":"https:\/\/elmundodelosnegocios.com.do\/v1\/wp-json\/wp\/v2\/posts\/35876\/revisions"}],"wp:featuredmedia":[{"embeddable":true,"href":"https:\/\/elmundodelosnegocios.com.do\/v1\/wp-json\/wp\/v2\/media\/35878"}],"wp:attachment":[{"href":"https:\/\/elmundodelosnegocios.com.do\/v1\/wp-json\/wp\/v2\/media?parent=35876"}],"wp:term":[{"taxonomy":"category","embeddable":true,"href":"https:\/\/elmundodelosnegocios.com.do\/v1\/wp-json\/wp\/v2\/categories?post=35876"},{"taxonomy":"post_tag","embeddable":true,"href":"https:\/\/elmundodelosnegocios.com.do\/v1\/wp-json\/wp\/v2\/tags?post=35876"}],"curies":[{"name":"wp","href":"https:\/\/api.w.org\/{rel}","templated":true}]}}