{"id":35879,"date":"2024-01-08T08:04:59","date_gmt":"2024-01-08T12:34:59","guid":{"rendered":"https:\/\/elmundodelosnegocios.com.do\/v1\/?p=35879"},"modified":"2024-01-08T08:05:01","modified_gmt":"2024-01-08T12:35:01","slug":"infotep-asegura-que-el-90-de-sus-capacitados-en-pedernales-ya-trabaja","status":"publish","type":"post","link":"https:\/\/elmundodelosnegocios.com.do\/v1\/infotep-asegura-que-el-90-de-sus-capacitados-en-pedernales-ya-trabaja\/","title":{"rendered":"INFOTEP asegura que el 90% de sus capacitados en Pedernales ya trabaja"},"content":{"rendered":"\n<p>INFOTEP informa que ha capacitado a m\u00e1s de 70 mil participantes en la Regi\u00f3n Enriquillo<\/p>\n\n\n\n<p>SANTO DOMINGO. \u2013 El Instituto Nacional de Formaci\u00f3n T\u00e9cnico Profesional (INFOTEP), ha capacitado a m\u00e1s de 70 mil participantes en la Regi\u00f3n Enriquillo, desde que el presidente Luis Abinader anunci\u00f3 el Plan de Desarrollo Tur\u00edstico de Pedernales y la Regi\u00f3n Enriquillo, en el a\u00f1o 2021, hasta el 2023.<\/p>\n\n\n<div class=\"wp-block-image\">\n<figure class=\"aligncenter size-large\"><img decoding=\"async\" src=\"https:\/\/www.mitur.gob.do\/wp-content\/uploads\/2024\/01\/Participantes-INFOTEP-1024x609.webp\" alt=\"\"\/><\/figure>\n<\/div>\n\n\n<p>Solo en Pedernales fueron certificados seis mil 480 participantes, de los cuales casi el 90% ya est\u00e1 empleado, quienes egresaron de 350 acciones formativas identificadas como prioritarias en el marco del referido Plan.<\/p>\n\n\n\n<p>La informaci\u00f3n la dio a conocer el profesor Rafael Santos Bad\u00eda, director general del INFOTEP, luego de quedar formalmente inaugurado el Puerto de Cabo Rojo y la llegada de su primer crucero con m\u00e1s dos mil 500 cruceristas a bordo.<\/p>\n\n\n\n<p>\u201cCasi todas las personas capacitadas por el INFOTEP han sido contratadas para realizar trabajos temporales y fijos, en el mismo puerto y en las construcciones de habitaciones hoteleras de la zona\u201d, explic\u00f3 Santos Bad\u00eda.<\/p>\n\n\n\n<p>Dentro de las \u00e1reas m\u00e1s demandadas se destacan hoteler\u00eda, administraci\u00f3n, gesti\u00f3n y finanzas, elaboraci\u00f3n de alimentos, salud y bienestar, comercio y servicios, servicios personales y socioculturales, idiomas, mantenimiento en electricidad, refrigeraci\u00f3n, alba\u00f1iler\u00eda y tapicer\u00eda.<\/p>\n\n\n<div class=\"wp-block-image\">\n<figure class=\"aligncenter size-large is-resized\"><img decoding=\"async\" src=\"https:\/\/www.mitur.gob.do\/wp-content\/uploads\/2024\/01\/INFOTEP-Pedernales-768x442.webp\" alt=\"\" style=\"width:834px;height:auto\"\/><\/figure>\n<\/div>\n\n\n<p>Dijo tambi\u00e9n que, en coordinaci\u00f3n con el Ministerio de Medio Ambiente, se realiz\u00f3 un programa de capacitaci\u00f3n para trabajar los temas de Turismo sostenible, Medio ambiente y ecolog\u00eda, T\u00e9cnica de Guianza Tur\u00edstica e Interpretaci\u00f3n Ecotur\u00edstica, del que han egresado 144 participantes como gu\u00edas tur\u00edsticos y guardaparques para Oviedo y Pedernales.<\/p>\n\n\n\n<p>Manifest\u00f3 que a nivel comunitario se ha capacitado a 934 participantes, incluyendo a m\u00e1s de 40 gu\u00edas y yoleros, en ingl\u00e9s b\u00e1sico e ingl\u00e9s intermedio, de los cuales un porcentaje importante ya produce ingresos econ\u00f3micos como empleados y trabajadores independientes.<\/p>\n\n\n\n<p>EL INFOTEP est\u00e1 comprometido con el desarrollo de las provincias que componen la Regi\u00f3n Enriquillo, como parte del master plan ejecutado por el gobierno central, por lo que estamos preparados para ampliar la oferta y servicios de apoyo a la productividad, de acuerdo a la demanda y necesidades de los diferentes sectores, indic\u00f3 Santos Bad\u00eda.<\/p>\n\n\n\n<p><strong><em>Inauguraci\u00f3n de la primera fase del Puerto Cabo Rojo<\/em><\/strong><\/p>\n\n\n\n<p>El presidente Luis Abinader inaugur\u00f3 la primera fase de Port Cabo Rojo, cumpliendo la promesa realizada en su primera visita a Pedernales como mandatario, a los pocos d\u00edas de asumir al poder en el a\u00f1o 2020, de que el Sur contar\u00eda con un moderno puerto tur\u00edstico.<\/p>\n\n\n\n<p>Aqu\u00ed Abinader recibi\u00f3 el primer crucero que arriba al pa\u00eds, por el Puerto de Cabo Rojo, Pedernales, con m\u00e1s de dos mil 500 cruceristas a bordo.<\/p>\n\n\n\n<p><strong><em>Programas de capacitaci\u00f3n impartidos por INFOTEP en Pedernales<\/em><\/strong><\/p>\n\n\n\n<p>Desde el a\u00f1o 2021 hasta el 2023 en la provincia de Pedernales se han impartido siete carreras t\u00e9cnicas en las \u00e1reas de: Cuidado de Enfermer\u00eda, T\u00e9cnico en Bar y Restaurantes, T\u00e9cnicos en ingl\u00e9s.<\/p>\n\n\n\n<p>Con la empresa ITM, responsable de la construcci\u00f3n del Puerto de Cabo Rojo, se est\u00e1 desarrollando un amplio programa de capacitaci\u00f3n para formar a las personas que estar\u00edan laborando en las actividades del puerto, adem\u00e1s del personal fijo que trabaja con ellos actualmente.<\/p>\n\n\n\n<p>Los programas de formaci\u00f3n son: Trabajos en alturas, Manejo de extintores, Resoluci\u00f3n y manejo de conflictos, Servicio al cliente, Seguridad y salud ocupacional, Identificaci\u00f3n de peligros y evaluaci\u00f3n de riesgos, Manipulaci\u00f3n y manejos de cargas, Manejo seguro de productos qu\u00edmicos, T\u00e9cnicas de reciclaje, Trabajos en espacios confinados, Seguridad para la prevenci\u00f3n de accidentes laborales, Primeros auxilios, entre otros.<\/p>\n\n\n\n<p>Adem\u00e1s, se est\u00e1 desarrollando un cronograma de capacitaci\u00f3n con el personal fijo de ITM, Restaurante Bocanye, Consorcio ASCH, restaurante La Cueva y el Ministerio de Medio Ambiente y Recursos Naturales, que ya ha impactado a mil 185 colaboradores y se est\u00e1n desarrollando 90 acciones formativas.<\/p>\n\n\n\n<p>Adem\u00e1s de estas capacitaciones con las empresas se desarrolla un plan de capacitaci\u00f3n a nivel comunitario, el cual impacta a m\u00e1s de mil 429 egresados que est\u00e1n listos para ser insertados en el mercado laboral, como Capitanes de bar y restaurante, Asador a la parrilla, Preparaci\u00f3n, presentaci\u00f3n y elaboraci\u00f3n de bebidas y c\u00f3cteles, Inform\u00e1tica, ingl\u00e9s, Panader\u00eda y Bartender.<\/p>\n","protected":false},"excerpt":{"rendered":"<p>INFOTEP informa que ha capacitado a m\u00e1s de 70 mil participantes en la Regi\u00f3n Enriquillo SANTO DOMINGO. \u2013 El Instituto Nacional de Formaci\u00f3n T\u00e9cnico Profesional (INFOTEP), ha capacitado a m\u00e1s&hellip; <\/p>\n","protected":false},"author":2,"featured_media":35881,"comment_status":"closed","ping_status":"closed","sticky":false,"template":"","format":"standard","meta":{"fifu_image_url":"https:\/\/www.mitur.gob.do\/wp-content\/uploads\/2024\/01\/Participantes-INFOTEP-1024x609.webp","fifu_image_alt":"","footnotes":""},"categories":[151],"tags":[],"class_list":["post-35879","post","type-post","status-publish","format-standard","has-post-thumbnail","hentry","category-gerencia"],"_links":{"self":[{"href":"https:\/\/elmundodelosnegocios.com.do\/v1\/wp-json\/wp\/v2\/posts\/35879","targetHints":{"allow":["GET"]}}],"collection":[{"href":"https:\/\/elmundodelosnegocios.com.do\/v1\/wp-json\/wp\/v2\/posts"}],"about":[{"href":"https:\/\/elmundodelosnegocios.com.do\/v1\/wp-json\/wp\/v2\/types\/post"}],"author":[{"embeddable":true,"href":"https:\/\/elmundodelosnegocios.com.do\/v1\/wp-json\/wp\/v2\/users\/2"}],"replies":[{"embeddable":true,"href":"https:\/\/elmundodelosnegocios.com.do\/v1\/wp-json\/wp\/v2\/comments?post=35879"}],"version-history":[{"count":0,"href":"https:\/\/elmundodelosnegocios.com.do\/v1\/wp-json\/wp\/v2\/posts\/35879\/revisions"}],"wp:featuredmedia":[{"embeddable":true,"href":"https:\/\/elmundodelosnegocios.com.do\/v1\/wp-json\/wp\/v2\/media\/35881"}],"wp:attachment":[{"href":"https:\/\/elmundodelosnegocios.com.do\/v1\/wp-json\/wp\/v2\/media?parent=35879"}],"wp:term":[{"taxonomy":"category","embeddable":true,"href":"https:\/\/elmundodelosnegocios.com.do\/v1\/wp-json\/wp\/v2\/categories?post=35879"},{"taxonomy":"post_tag","embeddable":true,"href":"https:\/\/elmundodelosnegocios.com.do\/v1\/wp-json\/wp\/v2\/tags?post=35879"}],"curies":[{"name":"wp","href":"https:\/\/api.w.org\/{rel}","templated":true}]}}