{"id":35906,"date":"2024-01-09T14:22:09","date_gmt":"2024-01-09T18:52:09","guid":{"rendered":"https:\/\/elmundodelosnegocios.com.do\/v1\/?p=35906"},"modified":"2024-01-09T14:22:12","modified_gmt":"2024-01-09T18:52:12","slug":"empresariado-de-santiago-establece-perspectivas-para-el-2024","status":"publish","type":"post","link":"https:\/\/elmundodelosnegocios.com.do\/v1\/empresariado-de-santiago-establece-perspectivas-para-el-2024\/","title":{"rendered":"Empresariado de Santiago establece perspectivas para el 2024"},"content":{"rendered":"\n<p>Santiago de los Caballeros-. Los empresarios de Santiago han hecho su evaluaci\u00f3n del 2023 y han proyectado sus perspectivas sobre el a\u00f1o 2024, a trav\u00e9s de una encuesta general que la C\u00e1mara de Comercio y Producci\u00f3n de Santiago realiza a inicios de cada a\u00f1o. En la investigaci\u00f3n participaron miembros y no miembros de la instituci\u00f3n, representando a todos los sectores productivos de la regi\u00f3n.<\/p>\n\n\n<div class=\"wp-block-image\">\n<figure class=\"aligncenter size-full\"><img loading=\"lazy\" decoding=\"async\" width=\"1000\" height=\"563\" src=\"http:\/\/elmundodelosnegocios.com.do\/v1\/wp-content\/uploads\/2024\/01\/Carlos-Iglesias-presidente-Camara-de-Comercio-de-Santiago.jpg\" alt=\"Carlos Iglesias, presidente C\u00e1mara de Comercio de Santiago\" class=\"wp-image-35907\" srcset=\"https:\/\/elmundodelosnegocios.com.do\/v1\/wp-content\/uploads\/2024\/01\/Carlos-Iglesias-presidente-Camara-de-Comercio-de-Santiago.jpg 1000w, https:\/\/elmundodelosnegocios.com.do\/v1\/wp-content\/uploads\/2024\/01\/Carlos-Iglesias-presidente-Camara-de-Comercio-de-Santiago-300x169.jpg 300w, https:\/\/elmundodelosnegocios.com.do\/v1\/wp-content\/uploads\/2024\/01\/Carlos-Iglesias-presidente-Camara-de-Comercio-de-Santiago-768x432.jpg 768w\" sizes=\"auto, (max-width: 1000px) 100vw, 1000px\" \/><figcaption class=\"wp-element-caption\">Carlos Iglesias, presidente C\u00e1mara de Comercio de Santiago<\/figcaption><\/figure>\n<\/div>\n\n\n<p>La encuesta fue enviada a unas dos mil empresas que resultaron ser miembros de la C\u00e1mara de Santiago en un 89%. Entre estas, un 39% son microempresas, un 35% son peque\u00f1as empresas, un 14% medianas empresas y un 12% son grandes empresas, de acuerdo a la clasificaci\u00f3n establecida por el Ministerio de Industria, Comercio y MiPyMES. En cuanto a los sectores representados, un 69% corresponde a servicios, un 19% a comercio, un 6% a manufactura o fabricaci\u00f3n y el restante 6% corresponde al sector agropecuario.<\/p>\n\n\n\n<p>La instituci\u00f3n empresarial de Santiago, presidida por Carlos Iglesias R., indica, en el resumen remitido a los medios, sobre los resultados del estudio, que, un 57% de las empresas tienen m\u00e1s colaboradores al 31 de diciembre 2023 que lo que ten\u00edan al 1 de enero 2023. Mientras que un 78% indica que tiene planes de expansi\u00f3n para el presente a\u00f1o 2024.<\/p>\n\n\n\n<p>El sondeo fue respondido en un 65% por el propietario o socio, y en un 25% por el gerente o ejecutivo, lo que permite inferir que se trata de informaci\u00f3n de extrema certeza.<\/p>\n\n\n\n<p>En cuanto al desempe\u00f1o del negocio en el a\u00f1o 2023, un 31% afirma haber tenido ingresos mucho mayores que en el a\u00f1o 2022, y un 35% dice que fueron algo superior. Un 20% indica que el 2023 fue similar al a\u00f1o anterior en cuanto a ingresos. Mientras que, un 10% dice que fueron algo inferior y un 4% afirma que mucho menor que en el 2022.<\/p>\n\n\n\n<p>Finalmente, el levantamiento de informaciones revela que un 57.1% prev\u00e9 que el 2024 ser\u00e1 un a\u00f1o favorable con estabilidad, un 20.4% establece que habr\u00e1 aumento en los niveles de precios y un 6.1% pronostica una recesi\u00f3n o baja en su actividad espec\u00edfica. En esta misma pregunta un 16.3% no emiti\u00f3 una respuesta concreta.<\/p>\n\n\n\n<p>Los empresarios encuestados prev\u00e9n un a\u00f1o 2024 mejor que el 2023 en un 82%, un 12% dice que ser\u00e1 igual, mientras el restante 6% estima que el presente a\u00f1o ser\u00e1 peor que el anterior.<\/p>\n\n\n\n<p>La C\u00e1mara de Comercio y Producci\u00f3n de Santiago agradeci\u00f3 la c\u00e1lida acogida al instrumento de evaluaci\u00f3n y proyecci\u00f3n de las actividades econ\u00f3micas de la provincia que permiten recoger las opiniones generales del sector empresarial.<\/p>\n","protected":false},"excerpt":{"rendered":"<p>Santiago de los Caballeros-. Los empresarios de Santiago han hecho su evaluaci\u00f3n del 2023 y han proyectado sus perspectivas sobre el a\u00f1o 2024, a trav\u00e9s de una encuesta general que&hellip; <\/p>\n","protected":false},"author":2,"featured_media":35907,"comment_status":"closed","ping_status":"closed","sticky":false,"template":"","format":"standard","meta":{"fifu_image_url":"","fifu_image_alt":"","footnotes":""},"categories":[83],"tags":[],"class_list":["post-35906","post","type-post","status-publish","format-standard","has-post-thumbnail","hentry","category-empresariales-empresariales"],"_links":{"self":[{"href":"https:\/\/elmundodelosnegocios.com.do\/v1\/wp-json\/wp\/v2\/posts\/35906","targetHints":{"allow":["GET"]}}],"collection":[{"href":"https:\/\/elmundodelosnegocios.com.do\/v1\/wp-json\/wp\/v2\/posts"}],"about":[{"href":"https:\/\/elmundodelosnegocios.com.do\/v1\/wp-json\/wp\/v2\/types\/post"}],"author":[{"embeddable":true,"href":"https:\/\/elmundodelosnegocios.com.do\/v1\/wp-json\/wp\/v2\/users\/2"}],"replies":[{"embeddable":true,"href":"https:\/\/elmundodelosnegocios.com.do\/v1\/wp-json\/wp\/v2\/comments?post=35906"}],"version-history":[{"count":0,"href":"https:\/\/elmundodelosnegocios.com.do\/v1\/wp-json\/wp\/v2\/posts\/35906\/revisions"}],"wp:featuredmedia":[{"embeddable":true,"href":"https:\/\/elmundodelosnegocios.com.do\/v1\/wp-json\/wp\/v2\/media\/35907"}],"wp:attachment":[{"href":"https:\/\/elmundodelosnegocios.com.do\/v1\/wp-json\/wp\/v2\/media?parent=35906"}],"wp:term":[{"taxonomy":"category","embeddable":true,"href":"https:\/\/elmundodelosnegocios.com.do\/v1\/wp-json\/wp\/v2\/categories?post=35906"},{"taxonomy":"post_tag","embeddable":true,"href":"https:\/\/elmundodelosnegocios.com.do\/v1\/wp-json\/wp\/v2\/tags?post=35906"}],"curies":[{"name":"wp","href":"https:\/\/api.w.org\/{rel}","templated":true}]}}