{"id":35914,"date":"2024-01-10T03:02:31","date_gmt":"2024-01-10T07:32:31","guid":{"rendered":"https:\/\/elmundodelosnegocios.com.do\/v1\/index.php\/2024\/01\/10\/andersen-global-incorpora-firma-socia-en-serbia\/"},"modified":"2024-01-10T03:02:31","modified_gmt":"2024-01-10T07:32:31","slug":"andersen-global-incorpora-firma-socia-en-serbia","status":"publish","type":"post","link":"https:\/\/elmundodelosnegocios.com.do\/v1\/andersen-global-incorpora-firma-socia-en-serbia\/","title":{"rendered":"Andersen Global incorpora firma socia en Serbia"},"content":{"rendered":"<p>SAN FRANCISCO&#8211;(BUSINESS WIRE)&#8211;Andersen Global suma capacidades complementarias de asesoramiento fiscal y empresarial a su plataforma actual en Serbia con la incorporaci\u00f3n de Andersen Savjetovanje d.o.o. (Andersen in Serbia)<br \/>\nCon la conducci\u00f3n del socio gerente Miro Senica, Andersen in Serbia ofrece una amplia gama de servicios fiscales y de asesoramiento, en particular, en materia de IVA, precios de transferencia, cumplimiento de impuestos corporativos e indirectos, resoluci\u00f3n de conflictos fiscales, diligencia debida, reestructuraci\u00f3n financiera, prevenci\u00f3n del blanqueo de dinero, fusiones y adquisiciones y servicios de transacci\u00f3n.<br \/>\n\u00abEn un entorno empresarial cada vez m\u00e1s complejo, la importancia de las soluciones integradas y centradas en el cliente es m\u00e1s grande que nunca\u00bb, asegur\u00f3 Miro. \u00abEstamos encantados de poder trabajar junto a las firmas socias y colaboradoras de Andersen Global para ofrecer soluciones integrales y darles un valor significativo a nuestros clientes, tanto a nivel regional como mundial\u00bb.<br \/>\n\u00abLa incorporaci\u00f3n de Andersen in Serbia demuestra nuestro compromiso con la construcci\u00f3n de una organizaci\u00f3n mundial polisciplinar y la determinaci\u00f3n de mantener nuestra ventaja competitiva en la regi\u00f3n\u00bb, se\u00f1al\u00f3 el presidente de Andersen Global y gerente general de Andersen, Mark Vorsatz. \u00abEste equipo de profesionales est\u00e1 en condiciones de satisfacer las demandas globales cambiantes de nuestros clientes\u00bb.<br \/>\nAndersen Global es una asociaci\u00f3n internacional de firmas socias independientes y separadas en cuanto a los aspectos legales, compuesta por profesionales fiscales y jur\u00eddicos de todo el mundo. Fue fundada en 2013 por la firma socia estadounidense Andersen Tax LLC y cuenta en la actualidad con m\u00e1s de 15.000 profesionales en todo el mundo, con presencia en m\u00e1s de 425 puntos a trav\u00e9s de sus firmas socias y firmas colaboradoras.<br \/>\nEl texto original en el idioma fuente de este comunicado es la versi\u00f3n oficial autorizada. Las traducciones solo se suministran como adaptaci\u00f3n y deben cotejarse con el texto en el idioma fuente, que es la \u00fanica versi\u00f3n del texto que tendr\u00e1 un efecto legal. Contacts<br \/>\nMegan Tsuei<br \/>\nAndersen Global<br \/>\n415-764-2700<\/p>\n","protected":false},"excerpt":{"rendered":"<p>SAN FRANCISCO&#8211;(BUSINESS WIRE)&#8211;Andersen Global suma capacidades complementarias de asesoramiento fiscal y empresarial a su plataforma actual en Serbia con la incorporaci\u00f3n de Andersen Savjetovanje d.o.o. (Andersen in Serbia) Con la&hellip; <\/p>\n","protected":false},"author":2,"featured_media":0,"comment_status":"closed","ping_status":"closed","sticky":false,"template":"","format":"standard","meta":{"fifu_image_url":"","fifu_image_alt":"","footnotes":""},"categories":[252],"tags":[253],"class_list":["post-35914","post","type-post","status-publish","format-standard","hentry","category-business-wire","tag-business-wire"],"_links":{"self":[{"href":"https:\/\/elmundodelosnegocios.com.do\/v1\/wp-json\/wp\/v2\/posts\/35914","targetHints":{"allow":["GET"]}}],"collection":[{"href":"https:\/\/elmundodelosnegocios.com.do\/v1\/wp-json\/wp\/v2\/posts"}],"about":[{"href":"https:\/\/elmundodelosnegocios.com.do\/v1\/wp-json\/wp\/v2\/types\/post"}],"author":[{"embeddable":true,"href":"https:\/\/elmundodelosnegocios.com.do\/v1\/wp-json\/wp\/v2\/users\/2"}],"replies":[{"embeddable":true,"href":"https:\/\/elmundodelosnegocios.com.do\/v1\/wp-json\/wp\/v2\/comments?post=35914"}],"version-history":[{"count":0,"href":"https:\/\/elmundodelosnegocios.com.do\/v1\/wp-json\/wp\/v2\/posts\/35914\/revisions"}],"wp:attachment":[{"href":"https:\/\/elmundodelosnegocios.com.do\/v1\/wp-json\/wp\/v2\/media?parent=35914"}],"wp:term":[{"taxonomy":"category","embeddable":true,"href":"https:\/\/elmundodelosnegocios.com.do\/v1\/wp-json\/wp\/v2\/categories?post=35914"},{"taxonomy":"post_tag","embeddable":true,"href":"https:\/\/elmundodelosnegocios.com.do\/v1\/wp-json\/wp\/v2\/tags?post=35914"}],"curies":[{"name":"wp","href":"https:\/\/api.w.org\/{rel}","templated":true}]}}