{"id":35922,"date":"2024-01-10T09:33:06","date_gmt":"2024-01-10T14:03:06","guid":{"rendered":"https:\/\/elmundodelosnegocios.com.do\/v1\/?p=35922"},"modified":"2024-01-10T09:33:08","modified_gmt":"2024-01-10T14:03:08","slug":"presidente-abinader-recibe-director-de-la-oficina-de-asuntos-intergubernamentales-de-la-casa-blanca-tom-perez","status":"publish","type":"post","link":"https:\/\/elmundodelosnegocios.com.do\/v1\/presidente-abinader-recibe-director-de-la-oficina-de-asuntos-intergubernamentales-de-la-casa-blanca-tom-perez\/","title":{"rendered":"Presidente Abinader recibe director de la Oficina de Asuntos Intergubernamentales de la Casa Blanca, Tom P\u00e9rez"},"content":{"rendered":"\n<p>Santo Domingo.-&nbsp;<strong>El presidente Luis Abinader<\/strong>&nbsp;recibi\u00f3 este martes en el&nbsp;<strong>Palacio Nacional<\/strong>&nbsp;al director de la&nbsp;<strong>Oficina de Asuntos Intergubernamentales de la Casa Blanca<\/strong>, Tom P\u00e9rez.<\/p>\n\n\n\n<p>Entre los temas abordados en esta reuni\u00f3n, en la que tambi\u00e9n particip\u00f3 el&nbsp;<strong>ministro de Relaciones Exteriores, Roberto \u00c1lvarez<\/strong>, destacan los esfuerzos con miras a&nbsp;<strong>combatir el cambio clim\u00e1tico<\/strong>, as\u00ed como la&nbsp;<strong>seguridad y el desarrollo econ\u00f3mico<\/strong>&nbsp;en la regi\u00f3n.<\/p>\n\n\n\n<p>Esta visita se da como resultado del encuentro m\u00e1s reciente entre el&nbsp;<strong>presidente de los Estados Unidos, Joe Biden&nbsp;<\/strong>y el mandatario dominicano,&nbsp;<strong>en la Casa Blanca<\/strong>, en el marco de la&nbsp;<strong>Alianza para la Prosperidad Econ\u00f3mica en las Am\u00e9ricas&nbsp;<\/strong>(APEP por sus siglas en ingl\u00e9s).<\/p>\n","protected":false},"excerpt":{"rendered":"<p>Santo Domingo.-&nbsp;El presidente Luis Abinader&nbsp;recibi\u00f3 este martes en el&nbsp;Palacio Nacional&nbsp;al director de la&nbsp;Oficina de Asuntos Intergubernamentales de la Casa Blanca, Tom P\u00e9rez. Entre los temas abordados en esta reuni\u00f3n, en&hellip; <\/p>\n","protected":false},"author":2,"featured_media":35924,"comment_status":"closed","ping_status":"closed","sticky":false,"template":"","format":"standard","meta":{"fifu_image_url":"https:\/\/presidencia.gob.do\/sites\/default\/files\/styles\/large\/public\/news\/2024-01\/WhatsApp%20Image%202024-01-09%20at%206.49.43%20PM.jpg?itok=oNDCXX1s","fifu_image_alt":"","footnotes":""},"categories":[235],"tags":[],"class_list":["post-35922","post","type-post","status-publish","format-standard","has-post-thumbnail","hentry","category-politica-exterior"],"_links":{"self":[{"href":"https:\/\/elmundodelosnegocios.com.do\/v1\/wp-json\/wp\/v2\/posts\/35922","targetHints":{"allow":["GET"]}}],"collection":[{"href":"https:\/\/elmundodelosnegocios.com.do\/v1\/wp-json\/wp\/v2\/posts"}],"about":[{"href":"https:\/\/elmundodelosnegocios.com.do\/v1\/wp-json\/wp\/v2\/types\/post"}],"author":[{"embeddable":true,"href":"https:\/\/elmundodelosnegocios.com.do\/v1\/wp-json\/wp\/v2\/users\/2"}],"replies":[{"embeddable":true,"href":"https:\/\/elmundodelosnegocios.com.do\/v1\/wp-json\/wp\/v2\/comments?post=35922"}],"version-history":[{"count":0,"href":"https:\/\/elmundodelosnegocios.com.do\/v1\/wp-json\/wp\/v2\/posts\/35922\/revisions"}],"wp:featuredmedia":[{"embeddable":true,"href":"https:\/\/elmundodelosnegocios.com.do\/v1\/wp-json\/wp\/v2\/media\/35924"}],"wp:attachment":[{"href":"https:\/\/elmundodelosnegocios.com.do\/v1\/wp-json\/wp\/v2\/media?parent=35922"}],"wp:term":[{"taxonomy":"category","embeddable":true,"href":"https:\/\/elmundodelosnegocios.com.do\/v1\/wp-json\/wp\/v2\/categories?post=35922"},{"taxonomy":"post_tag","embeddable":true,"href":"https:\/\/elmundodelosnegocios.com.do\/v1\/wp-json\/wp\/v2\/tags?post=35922"}],"curies":[{"name":"wp","href":"https:\/\/api.w.org\/{rel}","templated":true}]}}