{"id":35963,"date":"2024-01-12T11:58:59","date_gmt":"2024-01-12T16:28:59","guid":{"rendered":"https:\/\/elmundodelosnegocios.com.do\/v1\/?p=35963"},"modified":"2024-01-12T11:59:01","modified_gmt":"2024-01-12T16:29:01","slug":"turismo-en-rd-crece-mas-de-un-36-desde-2019-registra-el-mayor-desarrollo-de-la-historia","status":"publish","type":"post","link":"https:\/\/elmundodelosnegocios.com.do\/v1\/turismo-en-rd-crece-mas-de-un-36-desde-2019-registra-el-mayor-desarrollo-de-la-historia\/","title":{"rendered":"Turismo en RD crece m\u00e1s de un 36 % desde 2019; registra el mayor desarrollo de la historia"},"content":{"rendered":"\n<p>Santo Domingo.- En un acto encabezado por el&nbsp;<strong>presidente Luis Abinader<\/strong>, el ministro de Turismo,&nbsp;<strong>David Collado<\/strong>&nbsp;dio a conocer el comportamiento de ese sector el a\u00f1o pasado e inform\u00f3 que se registr\u00f3 un crecimiento superior al&nbsp;<strong>36 %<\/strong>&nbsp;con relaci\u00f3n al a\u00f1o&nbsp;<strong>2019<\/strong>&nbsp;y super\u00f3 con m\u00e1s&nbsp;<strong>300,000<\/strong>&nbsp;la meta de los&nbsp;<strong>10 millones de visitantes.<\/strong><\/p>\n\n\n<div class=\"wp-block-image\">\n<figure class=\"aligncenter size-large\"><img decoding=\"async\" src=\"https:\/\/presidencia.gob.do\/sites\/default\/files\/styles\/large\/public\/news\/2024-01\/WhatsApp%20Image%202024-01-11%20at%207.09.12%20PM.jpeg?itok=EvLPAaak\" alt=\"\"\/><\/figure>\n<\/div>\n\n\n<p>Adem\u00e1s, el ministro Collado dijo que en el per\u00edodo&nbsp;<strong>enero-diciembre<\/strong>&nbsp;el pa\u00eds recibi\u00f3&nbsp;<strong>10,306,517 visitantes<\/strong>&nbsp;por las v\u00edas a\u00e9rea y mar\u00edtima.<\/p>\n\n\n\n<p>Indic\u00f3 que el a\u00f1o pasado Rep\u00fablica Dominicana recibi\u00f3 8,058,670 por la v\u00eda a\u00e9rea, as\u00ed como otros 2,247,847 por la mar\u00edtima.&nbsp;<\/p>\n\n\n\n<p><em>\u00abEl 2023 ha sido el mejor a\u00f1o del turismo en toda la historia del pa\u00eds, gracias a la visi\u00f3n del presidente Luis Abinader y esa gran alianza de los sectores p\u00fablico y privado\u00bb,<\/em>&nbsp;expres\u00f3 el ministro Collado, al presentar las estad\u00edsticas del sector correspondiente al a\u00f1o pasado.&nbsp;<\/p>\n\n\n\n<figure class=\"wp-block-image\"><img decoding=\"async\" src=\"https:\/\/presidencia.gob.do\/sites\/default\/files\/inline-images\/WhatsApp%20Image%202024-01-11%20at%207.09.12%20PM%20%281%29.jpeg\" alt=\"\"\/><\/figure>\n\n\n\n<p>Revel\u00f3 que&nbsp;<strong>solo en diciembre<\/strong>&nbsp;al pa\u00eds llegaron&nbsp;<strong>867,570 turistas<\/strong>&nbsp;por la v\u00eda a\u00e9rea,&nbsp;<strong>106,635<\/strong>&nbsp;m\u00e1s que el 2022, lo que representa un crecimiento de un&nbsp;<strong>13 %<\/strong>.&nbsp;<\/p>\n\n\n\n<p>Se\u00f1al\u00f3 que en el per\u00edodo enero-diciembre al pa\u00eds llegaron 8,058,670 turistas, superando en un&nbsp;<strong>22 %<\/strong>&nbsp;el 2022 y en un&nbsp;<strong>25 %<\/strong>&nbsp;el 2019.&nbsp;<\/p>\n\n\n\n<p>Agreg\u00f3 que en ese mismo per\u00edodo de doce meses&nbsp;<strong>los cruceristas<\/strong>&nbsp;sumaron 2,247,172, mientras que, solo en diciembre llegaron 327,172, lo que representa un increment\u00f3 un&nbsp;<strong>45 %&nbsp;<\/strong>respecto al mismo mes del 2022.&nbsp;<\/p>\n\n\n\n<p>El presidente Abinader destac\u00f3 la importancia de lo que ha representado el turismo para la econom\u00eda del pa\u00eds y el&nbsp;<strong>Producto Interno Bruto<\/strong>&nbsp;(PIB), aportando en la generaci\u00f3n de&nbsp;<strong>empleos directos e indirectos<\/strong>&nbsp;e&nbsp;<strong>impulsando las inversiones<\/strong>&nbsp;y el desarrollo de la econom\u00eda del pa\u00eds.&nbsp;<\/p>\n\n\n\n<p>Asegur\u00f3 que, tras los resultados del \u00e9xito en el turismo,&nbsp;<em>\u201choy, todav\u00eda es el mejor momento para invertir en el pa\u00eds.&nbsp;<\/em><\/p>\n\n\n\n<figure class=\"wp-block-image\"><img decoding=\"async\" src=\"https:\/\/presidencia.gob.do\/sites\/default\/files\/inline-images\/WhatsApp%20Image%202024-01-11%20at%207.09.12%20PM%20%282%29.jpeg\" alt=\"\"\/><\/figure>\n\n\n\n<p><em>\u201cHoy ya estamos en el camino de crecimiento, de reconocimiento de toda la comunidad internacional, mayor control de la seguridad, siendo uno de los pa\u00edses m\u00e1s seguros del mundo\u201d.<\/em><\/p>\n\n\n\n<p>El mandatario enfatiz\u00f3 que la&nbsp;<strong>alianza p\u00fablico-privada&nbsp;<\/strong>formada por su gesti\u00f3n y el&nbsp;<strong>Gabinete de Turismo<\/strong>&nbsp;est\u00e1 dando sus resultados con las proyecciones de inversiones en nuevos destinos&nbsp;<strong>en Puerto Plata, Miches y Cabo Rojo,<\/strong>&nbsp;entre otros, y la construcci\u00f3n de proyectos viales que conectan con los destinos tur\u00edsticos.&nbsp;<\/p>\n\n\n\n<p>Los mayores destinos visitados el a\u00f1o pasado fueron Punta Cana con un&nbsp;<strong>42 %,<\/strong>&nbsp;Santo Domingo con&nbsp;<strong>18 %,<\/strong>&nbsp;Puerto Plata con&nbsp;<strong>12 %<\/strong>&nbsp;y La Romana con&nbsp;<strong>11 %.<\/strong>&nbsp;<\/p>\n\n\n\n<p>Los principales pa\u00edses emisores de turistas fueron,&nbsp;<strong>Estados Unidos<\/strong>&nbsp;con un 43 %,&nbsp;<strong>Canad\u00e1<\/strong>&nbsp;con 16 %,&nbsp;<strong>Colombia<\/strong>&nbsp;co7 %,&nbsp;<strong>Espa\u00f1a&nbsp;<\/strong>5 % y&nbsp;<strong>Puerto Rico<\/strong>&nbsp;con un 4 %.&nbsp;<\/p>\n\n\n\n<p>En el marco de la actividad, el presidente Abinader y el ministro Collado entregaron un&nbsp;<strong>reconocimiento al empresario Rafael -Papo- Blanco.<\/strong><\/p>\n","protected":false},"excerpt":{"rendered":"<p>Santo Domingo.- En un acto encabezado por el&nbsp;presidente Luis Abinader, el ministro de Turismo,&nbsp;David Collado&nbsp;dio a conocer el comportamiento de ese sector el a\u00f1o pasado e inform\u00f3 que se registr\u00f3&hellip; <\/p>\n","protected":false},"author":2,"featured_media":35965,"comment_status":"closed","ping_status":"closed","sticky":false,"template":"","format":"standard","meta":{"fifu_image_url":"https:\/\/presidencia.gob.do\/sites\/default\/files\/styles\/large\/public\/news\/2024-01\/WhatsApp%20Image%202024-01-11%20at%207.09.12%20PM.jpeg?itok=EvLPAaak","fifu_image_alt":"","footnotes":""},"categories":[172],"tags":[],"class_list":["post-35963","post","type-post","status-publish","format-standard","has-post-thumbnail","hentry","category-turismo"],"_links":{"self":[{"href":"https:\/\/elmundodelosnegocios.com.do\/v1\/wp-json\/wp\/v2\/posts\/35963","targetHints":{"allow":["GET"]}}],"collection":[{"href":"https:\/\/elmundodelosnegocios.com.do\/v1\/wp-json\/wp\/v2\/posts"}],"about":[{"href":"https:\/\/elmundodelosnegocios.com.do\/v1\/wp-json\/wp\/v2\/types\/post"}],"author":[{"embeddable":true,"href":"https:\/\/elmundodelosnegocios.com.do\/v1\/wp-json\/wp\/v2\/users\/2"}],"replies":[{"embeddable":true,"href":"https:\/\/elmundodelosnegocios.com.do\/v1\/wp-json\/wp\/v2\/comments?post=35963"}],"version-history":[{"count":0,"href":"https:\/\/elmundodelosnegocios.com.do\/v1\/wp-json\/wp\/v2\/posts\/35963\/revisions"}],"wp:featuredmedia":[{"embeddable":true,"href":"https:\/\/elmundodelosnegocios.com.do\/v1\/wp-json\/wp\/v2\/media\/35965"}],"wp:attachment":[{"href":"https:\/\/elmundodelosnegocios.com.do\/v1\/wp-json\/wp\/v2\/media?parent=35963"}],"wp:term":[{"taxonomy":"category","embeddable":true,"href":"https:\/\/elmundodelosnegocios.com.do\/v1\/wp-json\/wp\/v2\/categories?post=35963"},{"taxonomy":"post_tag","embeddable":true,"href":"https:\/\/elmundodelosnegocios.com.do\/v1\/wp-json\/wp\/v2\/tags?post=35963"}],"curies":[{"name":"wp","href":"https:\/\/api.w.org\/{rel}","templated":true}]}}