{"id":35999,"date":"2024-01-15T10:30:55","date_gmt":"2024-01-15T15:00:55","guid":{"rendered":"https:\/\/elmundodelosnegocios.com.do\/v1\/?p=35999"},"modified":"2024-01-15T10:30:57","modified_gmt":"2024-01-15T15:00:57","slug":"duplico-arajet-llegada-turistas-centroamerica-a-republica-dominicana-con-vuelos-directos","status":"publish","type":"post","link":"https:\/\/elmundodelosnegocios.com.do\/v1\/duplico-arajet-llegada-turistas-centroamerica-a-republica-dominicana-con-vuelos-directos\/","title":{"rendered":"Duplic\u00f3 Arajet llegada turistas Centroam\u00e9rica a Rep\u00fablica Dominicana con vuelos directos"},"content":{"rendered":"\n<p><strong>Santo Domingo<\/strong>, R.D. Enero 15, 2024.- Arajet, la l\u00ednea a\u00e9rea dominicana de precios bajos, inform\u00f3 que la llegada de turistas desde Costa Rica, Guatemala y El Salvador creci\u00f3 en un 144.8% en 2023, seg\u00fan las estad\u00edsticas publicadas por el Ministerio de Turismo (MITUR), que ha sido posible gracias a los vuelos directos que ahora existen a esos pa\u00edses y que antes no estaban disponibles.<\/p>\n\n\n\n<figure class=\"wp-block-image size-large\"><img loading=\"lazy\" decoding=\"async\" width=\"1024\" height=\"683\" src=\"https:\/\/elmundodelosnegocios.com.do\/v1\/wp-content\/uploads\/2024\/01\/Victor-Pacheco-Mendez2-1024x683.jpg\" alt=\"\" class=\"wp-image-36000\" srcset=\"https:\/\/elmundodelosnegocios.com.do\/v1\/wp-content\/uploads\/2024\/01\/Victor-Pacheco-Mendez2-1024x683.jpg 1024w, https:\/\/elmundodelosnegocios.com.do\/v1\/wp-content\/uploads\/2024\/01\/Victor-Pacheco-Mendez2-300x200.jpg 300w, https:\/\/elmundodelosnegocios.com.do\/v1\/wp-content\/uploads\/2024\/01\/Victor-Pacheco-Mendez2-768x512.jpg 768w, https:\/\/elmundodelosnegocios.com.do\/v1\/wp-content\/uploads\/2024\/01\/Victor-Pacheco-Mendez2-1536x1024.jpg 1536w, https:\/\/elmundodelosnegocios.com.do\/v1\/wp-content\/uploads\/2024\/01\/Victor-Pacheco-Mendez2-2048x1365.jpg 2048w\" sizes=\"auto, (max-width: 1024px) 100vw, 1024px\" \/><\/figure>\n\n\n\n<p>De acuerdo con el portal&nbsp;<a href=\"http:\/\/situr.mitur.gob.do\/\" target=\"_blank\" rel=\"noreferrer noopener\">situr.mitur.gob.do<\/a>&nbsp;en 2022 llegaron 28,518 turistas de esos tres pa\u00edses, mientras que en 2023 el n\u00famero de visitantes por la v\u00eda a\u00e9rea de esas naciones centroamericanas aument\u00f3 a 69,800.<\/p>\n\n\n\n<p>\u201cA esto le llamamos el efecto Arajet\u201d afirm\u00f3 V\u00edctor Pacheco, CEO y fundador de Arajet, quien agreg\u00f3 que \u201cgracias a los precios bajos de Arajet sumado a las nuevas rutas que hemos abierto, hemos podido ver c\u00f3mo han crecido esos mercados; y no s\u00f3lo los de Centroam\u00e9rica, tambi\u00e9n los de otros pa\u00edses donde no hab\u00eda ruta directa como Ecuador que creci\u00f3 en un 50% o mercados donde&nbsp; s\u00ed hab\u00eda otro operador pero ahora hay m\u00e1s frecuencias o nuevos destinos como M\u00e9xico que creci\u00f3 un 73% y donde est\u00e1 la nueva ruta directa a Canc\u00fan, o de Per\u00fa &nbsp;que creci\u00f3 un 29%, o Colombia con un aumento de turistas de un 33%\u201d, explic\u00f3 Pacheco M\u00e9ndez.<\/p>\n\n\n\n<p>Arajet tambi\u00e9n inform\u00f3 que de acuerdo a la data suministrada por la Junta de Aviaci\u00f3n Civil (JAC) de la Rep\u00fablica Dominicana esa l\u00ednea a\u00e9rea moviliz\u00f3 en diciembre el 70% de los pasajeros transportados entre las aerol\u00edneas dominicanas y el 69% del total de pasajeros movilizados durante todo el 2023.<\/p>\n\n\n\n<p>El informe de la JAC detalla que Arajet moviliz\u00f3 62,650 pasajeros en diciembre y 463,560 durante el 2023, mientras que todas las otras aerol\u00edneas dominicanas sumadas transportaron el a\u00f1o pasado 210, 593.<\/p>\n\n\n\n<p>\u201cPara este 2024 esperamos seguir teniendo un impacto positivo en las llegadas de turistas a Rep\u00fablica Dominicana, sobre todo si se logra firmar pronto el acuerdo de cielos abiertos con Estados Unidos, lo que permitir\u00eda tener m\u00e1s vuelos a precios bajos al principal pa\u00eds emisor de turistas y de residencia de la gran di\u00e1spora dominicana\u201d concluy\u00f3 Pacheco Mendez en nota enviada a los medios de comunicaci\u00f3n.<\/p>\n\n\n\n<p>***&nbsp;<br><strong>Sobre&nbsp;<\/strong>&nbsp;&nbsp;&nbsp;<strong>Arajet<\/strong>&nbsp;<\/p>\n\n\n\n<p>Arajet es la primera aerol\u00ednea de bajos precios en la regi\u00f3n del Caribe,&nbsp;<a>reconocida en la cumbre mundial de aviaci\u00f3n como la mejor aerol\u00ednea nueva del mundo<\/a>; inici\u00f3 operaciones en septiembre de 2022 desde su base en el Aeropuerto de Las Am\u00e9ricas en Santo Domingo, bajo su certificado de operador a\u00e9reo (AOC) de Rep\u00fablica Dominicana. Arajet opera una nueva flota de aviones Boeing 737MAX-8 que brindan viajes seguros y asequibles desde y hacia la Rep\u00fablica Dominicana a varios destinos en Am\u00e9rica del Norte, Central y del Sur y la regi\u00f3n del Caribe. Para obtener m\u00e1s informaci\u00f3n, visite&nbsp;<a href=\"http:\/\/www.arajet.com\/\" target=\"_blank\" rel=\"noreferrer noopener\">www.Arajet.com<\/a>&nbsp;<\/p>\n","protected":false},"excerpt":{"rendered":"<p>Santo Domingo, R.D. Enero 15, 2024.- Arajet, la l\u00ednea a\u00e9rea dominicana de precios bajos, inform\u00f3 que la llegada de turistas desde Costa Rica, Guatemala y El Salvador creci\u00f3 en un&hellip; <\/p>\n","protected":false},"author":2,"featured_media":36001,"comment_status":"closed","ping_status":"closed","sticky":false,"template":"","format":"standard","meta":{"fifu_image_url":"","fifu_image_alt":"","footnotes":""},"categories":[169],"tags":[],"class_list":["post-35999","post","type-post","status-publish","format-standard","has-post-thumbnail","hentry","category-transporte-internacional"],"_links":{"self":[{"href":"https:\/\/elmundodelosnegocios.com.do\/v1\/wp-json\/wp\/v2\/posts\/35999","targetHints":{"allow":["GET"]}}],"collection":[{"href":"https:\/\/elmundodelosnegocios.com.do\/v1\/wp-json\/wp\/v2\/posts"}],"about":[{"href":"https:\/\/elmundodelosnegocios.com.do\/v1\/wp-json\/wp\/v2\/types\/post"}],"author":[{"embeddable":true,"href":"https:\/\/elmundodelosnegocios.com.do\/v1\/wp-json\/wp\/v2\/users\/2"}],"replies":[{"embeddable":true,"href":"https:\/\/elmundodelosnegocios.com.do\/v1\/wp-json\/wp\/v2\/comments?post=35999"}],"version-history":[{"count":0,"href":"https:\/\/elmundodelosnegocios.com.do\/v1\/wp-json\/wp\/v2\/posts\/35999\/revisions"}],"wp:featuredmedia":[{"embeddable":true,"href":"https:\/\/elmundodelosnegocios.com.do\/v1\/wp-json\/wp\/v2\/media\/36001"}],"wp:attachment":[{"href":"https:\/\/elmundodelosnegocios.com.do\/v1\/wp-json\/wp\/v2\/media?parent=35999"}],"wp:term":[{"taxonomy":"category","embeddable":true,"href":"https:\/\/elmundodelosnegocios.com.do\/v1\/wp-json\/wp\/v2\/categories?post=35999"},{"taxonomy":"post_tag","embeddable":true,"href":"https:\/\/elmundodelosnegocios.com.do\/v1\/wp-json\/wp\/v2\/tags?post=35999"}],"curies":[{"name":"wp","href":"https:\/\/api.w.org\/{rel}","templated":true}]}}