{"id":3601,"date":"2021-01-27T18:52:00","date_gmt":"2021-01-27T23:22:00","guid":{"rendered":"http:\/\/elmundodelosnegocios.com.do\/v1\/?p=3601"},"modified":"2021-01-27T18:52:02","modified_gmt":"2021-01-27T23:22:02","slug":"saluda-camara-santiago-extension-plazo-revalorizacion-y-pide-rebajar-ipi","status":"publish","type":"post","link":"https:\/\/elmundodelosnegocios.com.do\/v1\/saluda-camara-santiago-extension-plazo-revalorizacion-y-pide-rebajar-ipi\/","title":{"rendered":"Saluda C\u00e1mara Santiago extensi\u00f3n plazo revalorizaci\u00f3n y pide rebajar IPI"},"content":{"rendered":"\n<p>La C\u00e1mara de Comercio y Producci\u00f3n de Santiago, siempre en favor de la transparencia en el orden fiscal y en la existencia de pol\u00edticas fiscales eficientes, salud\u00f3 la extensi\u00f3n de la ley 46-20 sobre Transparencia y Revalorizaci\u00f3n Patrimonial, de manera que m\u00e1s personas puedan acogerse a la misma. La informaci\u00f3n sobre esta extensi\u00f3n de 90 d\u00edas fue informada recientemente por la Direcci\u00f3n General de Impuestos Internos.<\/p>\n\n\n\n<p>Al mismo tiempo, la instituci\u00f3n empresarial de Santiago record\u00f3 que con el aumento del valor de los activos para las personas y empresas que de acojan a la misma, se disparar\u00eda el valor impuesto a la propiedad inmobiliaria, por lo que, se acord\u00f3 una rebaja del mismo de 1% a 0.25%.<\/p>\n\n\n\n<p>Es por lo anterior que la C\u00e1mara de Comercio aboga por que esto se cumpla de inmediato, ya que a muchos contribuyentes no les ser\u00eda viable acogerse a la revalorizaci\u00f3n patrimonial. Se conocen casos en que el IPI resultante ser\u00eda m\u00e1s gravoso que el pago por regularizaci\u00f3n, lo cual es il\u00f3gico.<\/p>\n\n\n\n<p>Todo contribuyente que no tenga intenci\u00f3n de vender su inmueble o de transparentar la tenencia del mismo, no se ver\u00e1 inclinado a acogerse a la ley de revalorizaci\u00f3n mientras no sea ajustado el IPI a 0.25%, tal como exist\u00eda en la definici\u00f3n original del proyecto.<\/p>\n\n\n\n<p>La nota enviada por la instituci\u00f3n empresarial record\u00f3 sobre la necesidad de aumentar los ingresos fiscales, sanear las finanzas p\u00fablicas, lo cual se lograr\u00e1 siempre que la ley 46-20 sea acogida.<\/p>\n","protected":false},"excerpt":{"rendered":"<p>La C\u00e1mara de Comercio y Producci\u00f3n de Santiago, siempre en favor de la transparencia en el orden fiscal y en la existencia de pol\u00edticas fiscales eficientes, salud\u00f3 la extensi\u00f3n de&hellip; <\/p>\n","protected":false},"author":2,"featured_media":3602,"comment_status":"open","ping_status":"open","sticky":false,"template":"","format":"standard","meta":{"fifu_image_url":"","fifu_image_alt":"","footnotes":""},"categories":[94],"tags":[],"class_list":["post-3601","post","type-post","status-publish","format-standard","has-post-thumbnail","hentry","category-finanzas"],"_links":{"self":[{"href":"https:\/\/elmundodelosnegocios.com.do\/v1\/wp-json\/wp\/v2\/posts\/3601","targetHints":{"allow":["GET"]}}],"collection":[{"href":"https:\/\/elmundodelosnegocios.com.do\/v1\/wp-json\/wp\/v2\/posts"}],"about":[{"href":"https:\/\/elmundodelosnegocios.com.do\/v1\/wp-json\/wp\/v2\/types\/post"}],"author":[{"embeddable":true,"href":"https:\/\/elmundodelosnegocios.com.do\/v1\/wp-json\/wp\/v2\/users\/2"}],"replies":[{"embeddable":true,"href":"https:\/\/elmundodelosnegocios.com.do\/v1\/wp-json\/wp\/v2\/comments?post=3601"}],"version-history":[{"count":0,"href":"https:\/\/elmundodelosnegocios.com.do\/v1\/wp-json\/wp\/v2\/posts\/3601\/revisions"}],"wp:featuredmedia":[{"embeddable":true,"href":"https:\/\/elmundodelosnegocios.com.do\/v1\/wp-json\/wp\/v2\/media\/3602"}],"wp:attachment":[{"href":"https:\/\/elmundodelosnegocios.com.do\/v1\/wp-json\/wp\/v2\/media?parent=3601"}],"wp:term":[{"taxonomy":"category","embeddable":true,"href":"https:\/\/elmundodelosnegocios.com.do\/v1\/wp-json\/wp\/v2\/categories?post=3601"},{"taxonomy":"post_tag","embeddable":true,"href":"https:\/\/elmundodelosnegocios.com.do\/v1\/wp-json\/wp\/v2\/tags?post=3601"}],"curies":[{"name":"wp","href":"https:\/\/api.w.org\/{rel}","templated":true}]}}