{"id":36045,"date":"2024-01-16T10:24:09","date_gmt":"2024-01-16T14:54:09","guid":{"rendered":"https:\/\/elmundodelosnegocios.com.do\/v1\/?p=36045"},"modified":"2024-01-16T10:24:12","modified_gmt":"2024-01-16T14:54:12","slug":"infotep-amplia-la-oferta-de-capacitacion-en-turismo-y-hoteleria-se-ofreceran-mas-de-30-carreras-relacionadas-con-el-sector","status":"publish","type":"post","link":"https:\/\/elmundodelosnegocios.com.do\/v1\/infotep-amplia-la-oferta-de-capacitacion-en-turismo-y-hoteleria-se-ofreceran-mas-de-30-carreras-relacionadas-con-el-sector\/","title":{"rendered":"Infotep ampl\u00eda la oferta de capacitaci\u00f3n en turismo y hoteler\u00eda; se ofrecer\u00e1n m\u00e1s de 30 carreras relacionadas con el sector"},"content":{"rendered":"\n<p>Hermanas Mirabal.- El director general del Instituto Nacional de Formaci\u00f3n T\u00e9cnico Profesional&nbsp;<strong>(Infotep)<\/strong>,&nbsp;<strong>Rafael Santos Bad\u00eda<\/strong>, destac\u00f3 que con la instalaci\u00f3n del moderno&nbsp;<strong>Centro Tecnol\u00f3gico Hermanas Mirabal<\/strong>, la instituci\u00f3n est\u00e1 creando las condiciones para&nbsp;<strong>transformar la vida de la gente<\/strong>&nbsp;de esa provincia, en donde se ofrecen&nbsp;<strong>m\u00e1s de 30 carreras relacionadas con el turismo.<\/strong><\/p>\n\n\n\n<p>Dijo que el centro es una realidad, gracias al&nbsp;<strong>presidente Luis Abinader<\/strong>, que pidi\u00f3 su instalaci\u00f3n como parte de su&nbsp;<strong>estrategia de ampliar y fortalecer la formaci\u00f3n t\u00e9cnica.<\/strong><\/p>\n\n\n\n<p>Indic\u00f3 que se impartir\u00e1n formaci\u00f3n en gastronom\u00eda, pasteler\u00eda, reposter\u00eda, contabilidad, inform\u00e1tica, secretariado, idioma y farmacia, ya que que el Centro Hermanas Mirabal ofrece formaci\u00f3n en todas las \u00e1reas que demanda los&nbsp;<strong>sectores de hoteler\u00eda y turismo.<\/strong><\/p>\n\n\n\n<p><em>\u201cHoy estamos ante esa realidad, en este lugar distinto a todos los centros de Infotep, porque aqu\u00ed estamos preparados para formar la carrera de turismo comunitario, que es un turismo un tanto distinto al que se da en las playas, porque aqu\u00ed estamos en la falda de la cordillera septentrional y entonces tenemos la posibilidad de trabajar con el medio ambiente\u201d,<\/em>&nbsp;expuso Santos Bad\u00eda.<\/p>\n\n\n\n<figure class=\"wp-block-image\"><img decoding=\"async\" src=\"https:\/\/presidencia.gob.do\/sites\/default\/files\/inline-images\/Paticipantes%20de%20hoteleria%20Centro%20Tecnolo%CC%81gico%20Hermanas%20Mirabal%20INFOTEP.jpg\" alt=\"\"\/><\/figure>\n\n\n\n<p>Expres\u00f3 que el centro cuenta con&nbsp;<strong>4 oficinas y 32 habitaciones para dar pr\u00e1cticas sobre hoteler\u00eda a los participantes.<\/strong>&nbsp;Adem\u00e1s, se est\u00e1n formando electricistas, plomeros, ebanistas, t\u00e9cnicos de televisi\u00f3n y salvavidas.<\/p>\n\n\n\n<p>Se\u00f1al\u00f3 que al Centro Tecnol\u00f3gico Hermanas Mirabal llegan estudiantes desde&nbsp;<strong>Saman\u00e1, Las Terrenas, R\u00edo San Juan, Gaspar Hern\u00e1ndez y de San Francisco de Macor\u00eds<\/strong>, porque una caracter\u00edstica especial que tiene la provincia es que est\u00e1&nbsp;<strong>equidistante de casi todos los pueblos del Cibao.<\/strong><\/p>\n\n\n\n<p>Reivindic\u00f3 que con estas instalaciones se est\u00e1 abriendo&nbsp;<strong>la puerta del futuro<\/strong>&nbsp;de la regi\u00f3n, porque detr\u00e1s de este centro est\u00e1n viniendo los&nbsp;<strong>inversionistas<\/strong>&nbsp;y dentro de unos meses aqu\u00ed se van a abrir&nbsp;<strong>varias empresas de zona franca<\/strong>.<\/p>\n\n\n\n<p>Santos Bad\u00eda,\/ tambi\u00e9n manifest\u00f3 que inici\u00f3 su gesti\u00f3n en la provincia solo con&nbsp;<strong>talleres m\u00f3viles&nbsp;<\/strong>y hoy tiene este gran centro, as\u00ed como&nbsp;<strong>otros dos, listos para ser inaugurados<\/strong>, uno en el distrito municipal de&nbsp;<strong>Blanco Arriba<\/strong>&nbsp;y otro en la secci\u00f3n&nbsp;<strong>Montellano<\/strong>.<\/p>\n\n\n\n<p><strong>M\u00e1s centros a inaugurar<\/strong><\/p>\n\n\n\n<p>Santos Bad\u00eda anunci\u00f3 que pr\u00f3ximamente el Infotep va a inaugurar la&nbsp;<strong>Escuela de Hoteler\u00eda y Turismo en Barahona<\/strong>, en el hotel Guarocuya, y&nbsp;<strong>otra en Sabana de la Mar<\/strong>, donde se est\u00e1 desarrollando el turismo.<\/p>\n\n\n\n<p><em>\u201cVamos a construir un centro en Pepillo Salcedo para servicios de formaci\u00f3n t\u00e9cnica y tenemos la Escuela Hotelera en el antiguo Hotel Naranjo en Hig\u00fcey\u201d,<\/em>&nbsp;a\u00f1adi\u00f3.<\/p>\n\n\n\n<p>Destac\u00f3 que en la<strong>&nbsp;regional Cibao Sur<\/strong>&nbsp;hay un moderno y amplio centro en&nbsp;<strong>Bonao<\/strong>, construido con el apoyo del gobierno que encabeza Luis Abinader. Se trata del&nbsp;<strong>Centro T\u00e9cnico Profesional 4.0 Alfredo P\u00e9rez Vargas<\/strong>, especializado Agrometeorolog\u00eda, Seguridad Alimentaria 4.0, Riego y Drenaje 4.0, Acuicultura, Silvicultura, Cuidado del Medio Ambiente, Control de Procesos Ambientales y Agricultura de Precisi\u00f3n.<\/p>\n\n\n\n<p>El director record\u00f3 que cuando inici\u00f3 su gesti\u00f3n en 2020 el Infotep solo ten\u00eda 7 centros a nivel nacional.&nbsp;<em>\u201cAhora tenemos 38. Adem\u00e1s, tenemos 7 que deben ser inaugurados entre febrero y marzo<\/em>, precis\u00f3.<\/p>\n\n\n\n<p>Santos Bad\u00eda se refiri\u00f3 al tema al participar en el&nbsp;<strong>programa de transmisi\u00f3n especial<\/strong>&nbsp;desde el citado Centro Tecnol\u00f3gico, en la provincia Hermanas Mirabal.<\/p>\n","protected":false},"excerpt":{"rendered":"<p>Hermanas Mirabal.- El director general del Instituto Nacional de Formaci\u00f3n T\u00e9cnico Profesional&nbsp;(Infotep),&nbsp;Rafael Santos Bad\u00eda, destac\u00f3 que con la instalaci\u00f3n del moderno&nbsp;Centro Tecnol\u00f3gico Hermanas Mirabal, la instituci\u00f3n est\u00e1 creando las condiciones&hellip; <\/p>\n","protected":false},"author":2,"featured_media":36047,"comment_status":"closed","ping_status":"closed","sticky":false,"template":"","format":"standard","meta":{"fifu_image_url":"https:\/\/presidencia.gob.do\/sites\/default\/files\/styles\/large\/public\/news\/2024-01\/Rafael%20Santos%20Badi%CC%81a%2C%20director%20general%20INFOTEP%20entrevistado%20en%20el%20programa%20Hoy%20Mismo%20desde%20el%20Centro%20Tecno%CC%81logico%20Hermanas%20Mirabal.jpg?itok=AK4PIyNm","fifu_image_alt":"","footnotes":""},"categories":[172],"tags":[],"class_list":["post-36045","post","type-post","status-publish","format-standard","has-post-thumbnail","hentry","category-turismo"],"_links":{"self":[{"href":"https:\/\/elmundodelosnegocios.com.do\/v1\/wp-json\/wp\/v2\/posts\/36045","targetHints":{"allow":["GET"]}}],"collection":[{"href":"https:\/\/elmundodelosnegocios.com.do\/v1\/wp-json\/wp\/v2\/posts"}],"about":[{"href":"https:\/\/elmundodelosnegocios.com.do\/v1\/wp-json\/wp\/v2\/types\/post"}],"author":[{"embeddable":true,"href":"https:\/\/elmundodelosnegocios.com.do\/v1\/wp-json\/wp\/v2\/users\/2"}],"replies":[{"embeddable":true,"href":"https:\/\/elmundodelosnegocios.com.do\/v1\/wp-json\/wp\/v2\/comments?post=36045"}],"version-history":[{"count":0,"href":"https:\/\/elmundodelosnegocios.com.do\/v1\/wp-json\/wp\/v2\/posts\/36045\/revisions"}],"wp:featuredmedia":[{"embeddable":true,"href":"https:\/\/elmundodelosnegocios.com.do\/v1\/wp-json\/wp\/v2\/media\/36047"}],"wp:attachment":[{"href":"https:\/\/elmundodelosnegocios.com.do\/v1\/wp-json\/wp\/v2\/media?parent=36045"}],"wp:term":[{"taxonomy":"category","embeddable":true,"href":"https:\/\/elmundodelosnegocios.com.do\/v1\/wp-json\/wp\/v2\/categories?post=36045"},{"taxonomy":"post_tag","embeddable":true,"href":"https:\/\/elmundodelosnegocios.com.do\/v1\/wp-json\/wp\/v2\/tags?post=36045"}],"curies":[{"name":"wp","href":"https:\/\/api.w.org\/{rel}","templated":true}]}}