{"id":36048,"date":"2024-01-16T10:27:56","date_gmt":"2024-01-16T14:57:56","guid":{"rendered":"https:\/\/elmundodelosnegocios.com.do\/v1\/?p=36048"},"modified":"2024-01-16T10:27:58","modified_gmt":"2024-01-16T14:57:58","slug":"vicepresidenta-raquel-pena-participara-en-el-foro-economico-mundial-davos-2024","status":"publish","type":"post","link":"https:\/\/elmundodelosnegocios.com.do\/v1\/vicepresidenta-raquel-pena-participara-en-el-foro-economico-mundial-davos-2024\/","title":{"rendered":"Vicepresidenta Raquel Pe\u00f1a participar\u00e1 en el Foro Econ\u00f3mico Mundial, Davos 2024"},"content":{"rendered":"\n<p>Santo Domingo.- La vicepresidenta de la Rep\u00fablica, Raquel Pe\u00f1a, ser\u00e1 parte de los m\u00e1s de 100 representantes de Gobiernos, principales organizaciones internacionales, cerca de 1,000 empresas y l\u00edderes de distintos sectores, que asistir\u00e1n a la 54\u00b0 edici\u00f3n del Foro de Davos, organizado por el Foro Econ\u00f3mico Mundial.<\/p>\n\n\n<div class=\"wp-block-image\">\n<figure class=\"aligncenter size-large\"><img decoding=\"async\" src=\"https:\/\/presidencia.gob.do\/sites\/default\/files\/styles\/large\/public\/news\/2024-01\/WhatsApp%20Image%202024-01-15%20at%205.53.44%20PM_0.jpeg?itok=nfbGfgyB\" alt=\"\"\/><\/figure>\n<\/div>\n\n\n<p>Esta ser\u00e1 la segunda ocasi\u00f3n en la que Pe\u00f1a representar\u00e1 al pa\u00eds en el evento internacional que se realizar\u00e1 del 15 al 19 de enero en Davos, Suiza, el cual busca ser un escenario para abordar los desaf\u00edos claves del mundo, as\u00ed como servir de punto de conexi\u00f3n entre los participantes.<\/p>\n\n\n\n<p>Durante su agenda en el foro, que tiene como lema \u201cReconstruir la confianza\u201d, la vicemandataria dominicana participar\u00e1 como panelista en la sesi\u00f3n \u201cUn momento clave para Latinoam\u00e9rica\u201d, en la que se compartir\u00e1n estrategias para el aprovechamiento del capital humano, natural y econ\u00f3mico que puedan brindar soluciones a algunos de los desaf\u00edos de largo plazo m\u00e1s apremiantes de la regi\u00f3n y el mundo.<\/p>\n\n\n\n<p>Asimismo, Raquel Pe\u00f1a asistir\u00e1 al evento especial de apertura, organizado por Klaus Schwab, fundador y presidente ejecutivo del Foro Econ\u00f3mico Mundial, y Hilde Schwab, presidenta y cofundadora de la Fundaci\u00f3n Schwab para el Emprendimiento Social, en la que se prev\u00e9 la asistencia de jefes de Estado, Gobierno y organizaciones internacionales, as\u00ed como de miembros del Consejo Empresarial Internacional y Socios Estrat\u00e9gicos.<\/p>\n\n\n\n<p>Entre los eventos m\u00e1s relevantes en los que participar\u00e1 la vicepresidenta con miras a seguir fortaleciendo la cooperaci\u00f3n internacional y el intercambio de experiencias de \u00e9xito, figura el \u201cDi\u00e1logo entre mujeres l\u00edderes pol\u00edticas: IA y liderazgo pol\u00edtico: obst\u00e1culos y posibilidades\u201d, en el que se profundizar\u00e1 en la interacci\u00f3n entre la inteligencia artificial y el liderazgo pol\u00edtico, con especial atenci\u00f3n en las estrategias viables y aprovechamiento de la IA de manera efectiva, para abordar los desaf\u00edos que presenta para las mujeres el asumir esca\u00f1os pol\u00edticos.<\/p>\n\n\n\n<p>De igual modo, la vicemandataria ser\u00e1 part\u00edcipe del desarrollo de la sesi\u00f3n \u201cAbordar el Cisma Norte-Sur\u201d, a la que tambi\u00e9n se sumar\u00e1n personalidades como Bill Gates, copresidente de la Fundaci\u00f3n Bill y Melinda Gates; Mark Rutte, primer ministro de Pa\u00edses Bajos; Ngozi Okonjo-Iweala, directora general de la Organizaci\u00f3n Mundial del Comercio (OMC), entre otras.<\/p>\n\n\n\n<p>Raquel Pe\u00f1a tambi\u00e9n sostendr\u00e1 varias reuniones estrat\u00e9gicas a fin de proyectar y dar continuidad a los temas abordados con l\u00edderes regionales en la edici\u00f3n de Davos 2023, as\u00ed como ampliar y fortalecer los lazos de Rep\u00fablica Dominicana con otros pa\u00edses, y con personalidades del \u00e1mbito empresarial y econ\u00f3mico que consideran el pa\u00eds como un destino propicio para sus inversiones.<\/p>\n","protected":false},"excerpt":{"rendered":"<p>Santo Domingo.- La vicepresidenta de la Rep\u00fablica, Raquel Pe\u00f1a, ser\u00e1 parte de los m\u00e1s de 100 representantes de Gobiernos, principales organizaciones internacionales, cerca de 1,000 empresas y l\u00edderes de distintos&hellip; <\/p>\n","protected":false},"author":2,"featured_media":36050,"comment_status":"closed","ping_status":"closed","sticky":false,"template":"","format":"standard","meta":{"fifu_image_url":"https:\/\/presidencia.gob.do\/sites\/default\/files\/styles\/large\/public\/news\/2024-01\/WhatsApp%20Image%202024-01-15%20at%205.53.44%20PM_0.jpeg?itok=nfbGfgyB","fifu_image_alt":"","footnotes":""},"categories":[62],"tags":[],"class_list":["post-36048","post","type-post","status-publish","format-standard","has-post-thumbnail","hentry","category-economia"],"_links":{"self":[{"href":"https:\/\/elmundodelosnegocios.com.do\/v1\/wp-json\/wp\/v2\/posts\/36048","targetHints":{"allow":["GET"]}}],"collection":[{"href":"https:\/\/elmundodelosnegocios.com.do\/v1\/wp-json\/wp\/v2\/posts"}],"about":[{"href":"https:\/\/elmundodelosnegocios.com.do\/v1\/wp-json\/wp\/v2\/types\/post"}],"author":[{"embeddable":true,"href":"https:\/\/elmundodelosnegocios.com.do\/v1\/wp-json\/wp\/v2\/users\/2"}],"replies":[{"embeddable":true,"href":"https:\/\/elmundodelosnegocios.com.do\/v1\/wp-json\/wp\/v2\/comments?post=36048"}],"version-history":[{"count":0,"href":"https:\/\/elmundodelosnegocios.com.do\/v1\/wp-json\/wp\/v2\/posts\/36048\/revisions"}],"wp:featuredmedia":[{"embeddable":true,"href":"https:\/\/elmundodelosnegocios.com.do\/v1\/wp-json\/wp\/v2\/media\/36050"}],"wp:attachment":[{"href":"https:\/\/elmundodelosnegocios.com.do\/v1\/wp-json\/wp\/v2\/media?parent=36048"}],"wp:term":[{"taxonomy":"category","embeddable":true,"href":"https:\/\/elmundodelosnegocios.com.do\/v1\/wp-json\/wp\/v2\/categories?post=36048"},{"taxonomy":"post_tag","embeddable":true,"href":"https:\/\/elmundodelosnegocios.com.do\/v1\/wp-json\/wp\/v2\/tags?post=36048"}],"curies":[{"name":"wp","href":"https:\/\/api.w.org\/{rel}","templated":true}]}}