{"id":36059,"date":"2024-01-19T08:31:25","date_gmt":"2024-01-19T13:01:25","guid":{"rendered":"https:\/\/elmundodelosnegocios.com.do\/v1\/?p=36059"},"modified":"2024-01-19T08:31:27","modified_gmt":"2024-01-19T13:01:27","slug":"banreservas-presentara-en-fitur-2024-diversas-propuestas-para-impulsar-la-inversion-turistica-en-rd","status":"publish","type":"post","link":"https:\/\/elmundodelosnegocios.com.do\/v1\/banreservas-presentara-en-fitur-2024-diversas-propuestas-para-impulsar-la-inversion-turistica-en-rd\/","title":{"rendered":"Presentar\u00e1 Banreservas en Fitur propuestas impulsar inversi\u00f3n tur\u00edstica en RD"},"content":{"rendered":"\n<p>El Banco de Reservas participar\u00e1 en la Feria Internacional de Turismo Fitur 2024, que se celebrar\u00e1 en Madrid del 24 al 28 de enero, con una serie de propuestas destinadas a promover el desarrollo y la inversi\u00f3n en Rep\u00fablica Dominicana.<\/p>\n\n\n\n<figure class=\"wp-block-image size-large\"><img decoding=\"async\" src=\"https:\/\/i0.wp.com\/despertarnacional.com.do\/wp-content\/uploads\/2024\/01\/Captura-de-Pantalla-2024-01-16-a-las-5.11.42-p.-m..png?fit=1296%2C876&amp;ssl=1\" alt=\"\"\/><\/figure>\n\n\n\n<p>La delegaci\u00f3n que presidir\u00e1 el administrador general de la instituci\u00f3n bancaria, Samuel Pereyra, tiene programada varias rondas de negocios con inversionistas vinculados al sector, que se efectuar\u00e1n dentro y fuera del recinto ferial de Ifema.<\/p>\n\n\n\n<figure class=\"wp-block-image size-full is-resized\"><img loading=\"lazy\" decoding=\"async\" width=\"750\" height=\"470\" src=\"https:\/\/elmundodelosnegocios.com.do\/v1\/wp-content\/uploads\/2024\/01\/Stand-RD-Fitur-750x470-1.jpeg\" alt=\"\" class=\"wp-image-36060\" style=\"width:840px;height:auto\" srcset=\"https:\/\/elmundodelosnegocios.com.do\/v1\/wp-content\/uploads\/2024\/01\/Stand-RD-Fitur-750x470-1.jpeg 750w, https:\/\/elmundodelosnegocios.com.do\/v1\/wp-content\/uploads\/2024\/01\/Stand-RD-Fitur-750x470-1-300x188.jpeg 300w\" sizes=\"auto, (max-width: 750px) 100vw, 750px\" \/><\/figure>\n\n\n\n<p>El proyecto Punta Bergant\u00edn, en Puerto Plata, y los destinados a desarrollar los polos tur\u00edstico de Miches y Pedernales estar\u00e1n entre las propuestas a resaltar por Banreservas, en coordinaci\u00f3n con el Ministerio de Turismo.<\/p>\n\n\n\n<p>En cuanto a Punta Bergant\u00edn este a\u00f1o comenzar\u00e1n la construcci\u00f3n de los dos primeros hoteles, que ser\u00e1n desarrollados por el Grupo Martin\u00f3n, de capital espa\u00f1ol. Ambos se encuentran en fase de dise\u00f1o y contar\u00e1n con una inversi\u00f3n que se estima supera los 180 millones de d\u00f3lares. Seg\u00fan las negociaciones preliminares los dos hoteles operar\u00e1n bajo las marcas Hyatt Ziva y Hyatt Zilara.<\/p>\n\n\n\n<p>Banreservas tambi\u00e9n tendr\u00e1 entre sus prioridades respaldar la inversi\u00f3n en el Polo Tur\u00edstico de Miches, donde se proyectan nuevos proyectos que superan los 735 millones de d\u00f3lares entre inversiones p\u00fablicas y privadas, de acuerdo con las estimaciones anunciadas en el marco de Fitur 2023.<\/p>\n\n\n\n<p><strong>Tributo a la Dominicanidad<\/strong><\/p>\n\n\n\n<p>Como parte de la agenda de Fitur 2024, Banreservas tambi\u00e9n rendir\u00e1 \u201cTributo a la Dominicanidad\u201d durante su tradicional coctel que ofrece a inversionistas, tour operadores e invitados especiales relacionados a este sector, uno de los principales generadores de divisas para el pa\u00eds.<\/p>\n\n\n\n<p>Cada a\u00f1o la instituci\u00f3n financiera, adem\u00e1s de su amplia agenda de negocios vinculada a la inversi\u00f3n tur\u00edstica en el pa\u00eds, realiza actividades destinadas a promover la cultura y la dominicana en el marco de Fitur, en la cual se estima que participen este a\u00f1o m\u00e1s de 8,500 empresas expositoras y m\u00e1s de 136 mil profesionales, indican las estad\u00edsticas publicadas en el portal de la Feria Internacional.<\/p>\n","protected":false},"excerpt":{"rendered":"<p>El Banco de Reservas participar\u00e1 en la Feria Internacional de Turismo Fitur 2024, que se celebrar\u00e1 en Madrid del 24 al 28 de enero, con una serie de propuestas destinadas&hellip; <\/p>\n","protected":false},"author":2,"featured_media":36060,"comment_status":"closed","ping_status":"closed","sticky":false,"template":"","format":"standard","meta":{"fifu_image_url":"","fifu_image_alt":"","footnotes":""},"categories":[172],"tags":[],"class_list":["post-36059","post","type-post","status-publish","format-standard","has-post-thumbnail","hentry","category-turismo"],"_links":{"self":[{"href":"https:\/\/elmundodelosnegocios.com.do\/v1\/wp-json\/wp\/v2\/posts\/36059","targetHints":{"allow":["GET"]}}],"collection":[{"href":"https:\/\/elmundodelosnegocios.com.do\/v1\/wp-json\/wp\/v2\/posts"}],"about":[{"href":"https:\/\/elmundodelosnegocios.com.do\/v1\/wp-json\/wp\/v2\/types\/post"}],"author":[{"embeddable":true,"href":"https:\/\/elmundodelosnegocios.com.do\/v1\/wp-json\/wp\/v2\/users\/2"}],"replies":[{"embeddable":true,"href":"https:\/\/elmundodelosnegocios.com.do\/v1\/wp-json\/wp\/v2\/comments?post=36059"}],"version-history":[{"count":0,"href":"https:\/\/elmundodelosnegocios.com.do\/v1\/wp-json\/wp\/v2\/posts\/36059\/revisions"}],"wp:featuredmedia":[{"embeddable":true,"href":"https:\/\/elmundodelosnegocios.com.do\/v1\/wp-json\/wp\/v2\/media\/36060"}],"wp:attachment":[{"href":"https:\/\/elmundodelosnegocios.com.do\/v1\/wp-json\/wp\/v2\/media?parent=36059"}],"wp:term":[{"taxonomy":"category","embeddable":true,"href":"https:\/\/elmundodelosnegocios.com.do\/v1\/wp-json\/wp\/v2\/categories?post=36059"},{"taxonomy":"post_tag","embeddable":true,"href":"https:\/\/elmundodelosnegocios.com.do\/v1\/wp-json\/wp\/v2\/tags?post=36059"}],"curies":[{"name":"wp","href":"https:\/\/api.w.org\/{rel}","templated":true}]}}