{"id":36087,"date":"2024-01-16T09:19:30","date_gmt":"2024-01-16T13:49:30","guid":{"rendered":"https:\/\/elmundodelosnegocios.com.do\/v1\/?p=36087"},"modified":"2024-01-17T09:22:46","modified_gmt":"2024-01-17T13:52:46","slug":"aird-convoca-a-edicion-2024-del-premio-al-periodismo-sobre-la-industria-nacional","status":"publish","type":"post","link":"https:\/\/elmundodelosnegocios.com.do\/v1\/aird-convoca-a-edicion-2024-del-premio-al-periodismo-sobre-la-industria-nacional\/","title":{"rendered":"AIRD convoca a edici\u00f3n 2024 del Premio al Periodismo sobre la Industria Nacional"},"content":{"rendered":"\n<p>El cierre del plazo para recibir los trabajos es el pr\u00f3ximo 31 de enero de 2024<\/p>\n\n\n\n<p>La Asociaci\u00f3n de Industrias de la Rep\u00fablica Dominicana (AIRD) anunci\u00f3 la apertura del plazo de postulaciones para la decimoquinta versi\u00f3n del Premio AIRD al Periodismo sobre la Industria Nacional \u2013 George Arzeno Brugal.<\/p>\n\n\n<div class=\"wp-block-image\">\n<figure class=\"aligncenter size-full is-resized\"><img loading=\"lazy\" decoding=\"async\" width=\"800\" height=\"533\" src=\"https:\/\/elmundodelosnegocios.com.do\/v1\/wp-content\/uploads\/2024\/01\/1700601977525.jpeg\" alt=\"\" class=\"wp-image-36088\" style=\"width:842px;height:auto\" srcset=\"https:\/\/elmundodelosnegocios.com.do\/v1\/wp-content\/uploads\/2024\/01\/1700601977525.jpeg 800w, https:\/\/elmundodelosnegocios.com.do\/v1\/wp-content\/uploads\/2024\/01\/1700601977525-300x200.jpeg 300w, https:\/\/elmundodelosnegocios.com.do\/v1\/wp-content\/uploads\/2024\/01\/1700601977525-768x512.jpeg 768w\" sizes=\"auto, (max-width: 800px) 100vw, 800px\" \/><\/figure>\n<\/div>\n\n\n<p>Los interesados podr\u00e1n enviar sus trabajos desde el 10 hasta el 31 de enero de 2024.<\/p>\n\n\n\n<p>El premio cuenta con tres categor\u00edas: \u201cDiarismo econ\u00f3mico-industrial\u201d, que comprende la cobertura cotidiana; \u201cReportajes de investigaci\u00f3n\u201d que traten a profundidad los temas considerados clave para la industria nacional; y las \u201cSeries period\u00edsticas\u201d reflejadas en un conjunto de historias que aborden diversas aristas de un mismo tema relacionado a las tem\u00e1ticas correspondientes. En esta versi\u00f3n, las tem\u00e1ticas correspondientes se circunscriben a tres temas de inter\u00e9s estrat\u00e9gico para el sector: sostenibilidad, innovaci\u00f3n y comercio il\u00edcito.<\/p>\n\n\n\n<p>Cada una de las categor\u00edas cuenta con una dotaci\u00f3n de RD$500,000 y podr\u00e1n aplicar las publicaciones televisivas, impresas y digitales.<\/p>\n\n\n\n<p><strong>C\u00f3mo aplica para participar<\/strong><\/p>\n\n\n\n<p>Las bases del premio est\u00e1n disponibles en la p\u00e1gina web de la AIRD. Las postulaciones al premio se recibir\u00e1n a trav\u00e9s del correo electr\u00f3nico medios@aird.org.do, en el que deber\u00e1 adjuntarse el formulario de aplicaci\u00f3n y los documentos citados en las condiciones de participaci\u00f3n presentadas en las bases.<\/p>\n\n\n\n<p><strong>AIRD<\/strong><br>Esta premiaci\u00f3n de la AIRD se origina en 2009 como un reconocimiento a los periodistas que elaboran reportajes o art\u00edculos sobre iniciativas y proyectos para el desarrollo, la productividad y la competitividad del sector industrial que hayan sido difundidos en medios de comunicaci\u00f3n del pa\u00eds. La misma tambi\u00e9n honra la memoria de George Arzeno Brugal, industrial dominicano, quien se distingui\u00f3 por su apoyo constante al desarrollo de Rep\u00fablica Dominicana.<\/p>\n","protected":false},"excerpt":{"rendered":"<p>El cierre del plazo para recibir los trabajos es el pr\u00f3ximo 31 de enero de 2024 La Asociaci\u00f3n de Industrias de la Rep\u00fablica Dominicana (AIRD) anunci\u00f3 la apertura del plazo&hellip; <\/p>\n","protected":false},"author":2,"featured_media":36088,"comment_status":"closed","ping_status":"closed","sticky":false,"template":"","format":"standard","meta":{"fifu_image_url":"","fifu_image_alt":"","footnotes":""},"categories":[154],"tags":[],"class_list":["post-36087","post","type-post","status-publish","format-standard","has-post-thumbnail","hentry","category-industria"],"_links":{"self":[{"href":"https:\/\/elmundodelosnegocios.com.do\/v1\/wp-json\/wp\/v2\/posts\/36087","targetHints":{"allow":["GET"]}}],"collection":[{"href":"https:\/\/elmundodelosnegocios.com.do\/v1\/wp-json\/wp\/v2\/posts"}],"about":[{"href":"https:\/\/elmundodelosnegocios.com.do\/v1\/wp-json\/wp\/v2\/types\/post"}],"author":[{"embeddable":true,"href":"https:\/\/elmundodelosnegocios.com.do\/v1\/wp-json\/wp\/v2\/users\/2"}],"replies":[{"embeddable":true,"href":"https:\/\/elmundodelosnegocios.com.do\/v1\/wp-json\/wp\/v2\/comments?post=36087"}],"version-history":[{"count":0,"href":"https:\/\/elmundodelosnegocios.com.do\/v1\/wp-json\/wp\/v2\/posts\/36087\/revisions"}],"wp:featuredmedia":[{"embeddable":true,"href":"https:\/\/elmundodelosnegocios.com.do\/v1\/wp-json\/wp\/v2\/media\/36088"}],"wp:attachment":[{"href":"https:\/\/elmundodelosnegocios.com.do\/v1\/wp-json\/wp\/v2\/media?parent=36087"}],"wp:term":[{"taxonomy":"category","embeddable":true,"href":"https:\/\/elmundodelosnegocios.com.do\/v1\/wp-json\/wp\/v2\/categories?post=36087"},{"taxonomy":"post_tag","embeddable":true,"href":"https:\/\/elmundodelosnegocios.com.do\/v1\/wp-json\/wp\/v2\/tags?post=36087"}],"curies":[{"name":"wp","href":"https:\/\/api.w.org\/{rel}","templated":true}]}}