{"id":3613,"date":"2021-01-27T18:58:44","date_gmt":"2021-01-27T23:28:44","guid":{"rendered":"http:\/\/elmundodelosnegocios.com.do\/v1\/?p=3613"},"modified":"2021-01-27T18:58:47","modified_gmt":"2021-01-27T23:28:47","slug":"lidom-firma-contrato-aereo-traslado-equipo-dominicano-desde-santiago-a-mazatlan-mexico","status":"publish","type":"post","link":"https:\/\/elmundodelosnegocios.com.do\/v1\/lidom-firma-contrato-aereo-traslado-equipo-dominicano-desde-santiago-a-mazatlan-mexico\/","title":{"rendered":"Lidom firma contrato a\u00e9reo, traslado equipo dominicano desde Santiago a Mazatl\u00e1n, MEXICO"},"content":{"rendered":"\n<p>Vitelio Mej\u00eda Ortiz, presidente de la Liga de B\u00e9isbol Profesional de la Rep\u00fablica Dominicana, (LIDOM) firm\u00f3&nbsp; el contrato con Frank D\u00edaz en representaci\u00f3n de &nbsp;Sky High Aviation, convirti\u00e9ndose en &nbsp;la l\u00ednea a\u00e9rea oficial&nbsp; del equipo de pelota que representar\u00e1 la Rep\u00fablica Dominicana en la Serie del Caribe, en el avi\u00f3n Airbus A321 bajo la marca Sky Cana.<\/p>\n\n\n\n<p>El equipo de Las \u00c1guilas Cibae\u00f1as, ganador de la serie invernal dominicana, quien conquisto su corona n\u00famero 22, ostenta la representaci\u00f3n nacional en el pr\u00f3ximo torneo de la Serie del Caribe a celebrarse en Mazatl\u00e1n, M\u00e9xico del 31 de enero al 6 de febrero.<\/p>\n\n\n\n<p>La representaci\u00f3n dominicana saldr\u00e1 el pr\u00f3ximo s\u00e1bado desde la ciudad sede del equipo, el Aeropuerto Internacional del Cibao con una delegaci\u00f3n que supera las 150 personas entre jugadores, directivos y personal t\u00e9cnico.<\/p>\n\n\n\n<p>El equipo dominicano, contar\u00e1 con el m\u00e1s alto nivel deportivo, destac\u00e1ndose la participaci\u00f3n de figuras estelares del baseball de las grandes ligas; nos atrevemos afirmar que la Republica Dominicana traer\u00e1 nuevamente la corona de esta justa internacional, expreso Mej\u00eda Ort\u00edz, presidente de LIDOM.<\/p>\n\n\n\n<p>La serie del caribe contar\u00e1 con la participaci\u00f3n de los equipos de Panam\u00e1, Venezuela, Puerto Rico, M\u00e9xico, Colombia y Republica Dominicana.<\/p>\n","protected":false},"excerpt":{"rendered":"<p>Vitelio Mej\u00eda Ortiz, presidente de la Liga de B\u00e9isbol Profesional de la Rep\u00fablica Dominicana, (LIDOM) firm\u00f3&nbsp; el contrato con Frank D\u00edaz en representaci\u00f3n de &nbsp;Sky High Aviation, convirti\u00e9ndose en &nbsp;la&hellip; <\/p>\n","protected":false},"author":2,"featured_media":3614,"comment_status":"open","ping_status":"open","sticky":false,"template":"","format":"standard","meta":{"fifu_image_url":"","fifu_image_alt":"","footnotes":""},"categories":[168],"tags":[],"class_list":["post-3613","post","type-post","status-publish","format-standard","has-post-thumbnail","hentry","category-transporte-aereo"],"_links":{"self":[{"href":"https:\/\/elmundodelosnegocios.com.do\/v1\/wp-json\/wp\/v2\/posts\/3613","targetHints":{"allow":["GET"]}}],"collection":[{"href":"https:\/\/elmundodelosnegocios.com.do\/v1\/wp-json\/wp\/v2\/posts"}],"about":[{"href":"https:\/\/elmundodelosnegocios.com.do\/v1\/wp-json\/wp\/v2\/types\/post"}],"author":[{"embeddable":true,"href":"https:\/\/elmundodelosnegocios.com.do\/v1\/wp-json\/wp\/v2\/users\/2"}],"replies":[{"embeddable":true,"href":"https:\/\/elmundodelosnegocios.com.do\/v1\/wp-json\/wp\/v2\/comments?post=3613"}],"version-history":[{"count":0,"href":"https:\/\/elmundodelosnegocios.com.do\/v1\/wp-json\/wp\/v2\/posts\/3613\/revisions"}],"wp:featuredmedia":[{"embeddable":true,"href":"https:\/\/elmundodelosnegocios.com.do\/v1\/wp-json\/wp\/v2\/media\/3614"}],"wp:attachment":[{"href":"https:\/\/elmundodelosnegocios.com.do\/v1\/wp-json\/wp\/v2\/media?parent=3613"}],"wp:term":[{"taxonomy":"category","embeddable":true,"href":"https:\/\/elmundodelosnegocios.com.do\/v1\/wp-json\/wp\/v2\/categories?post=3613"},{"taxonomy":"post_tag","embeddable":true,"href":"https:\/\/elmundodelosnegocios.com.do\/v1\/wp-json\/wp\/v2\/tags?post=3613"}],"curies":[{"name":"wp","href":"https:\/\/api.w.org\/{rel}","templated":true}]}}