{"id":3616,"date":"2021-01-27T19:06:32","date_gmt":"2021-01-27T23:36:32","guid":{"rendered":"http:\/\/elmundodelosnegocios.com.do\/v1\/?p=3616"},"modified":"2021-01-27T19:06:36","modified_gmt":"2021-01-27T23:36:36","slug":"remodela-altice-tienda-con-concepto-innovador-y-mejores-practicas-ambientales","status":"publish","type":"post","link":"https:\/\/elmundodelosnegocios.com.do\/v1\/remodela-altice-tienda-con-concepto-innovador-y-mejores-practicas-ambientales\/","title":{"rendered":"Remodela Altice tienda con concepto innovador y mejores pr\u00e1cticas ambientales"},"content":{"rendered":"\n<p><strong>San Crist\u00f3bal,<\/strong>&nbsp;R.D.- La empresa de telecomunicaciones Altice Dominicana, cumpliendo con su compromiso de mejorar constantemente la experiencia de sus clientes, reabri\u00f3 las puertas de su tienda remodelada en San Crist\u00f3bal.<\/p>\n\n\n\n<p>As\u00ed lo dio a conocer la compa\u00f1\u00eda al explicar que la tienda, ubicada en la Ave. Constituci\u00f3n #16, se transform\u00f3 en un espacio totalmente nuevo, abierto y moderno, con una amplia \u00e1rea de atenci\u00f3n donde los clientes podr\u00e1n interactuar con los servicios y equipos Altice, con todo el cuidado, higiene y protocolo sanitario correspondiente. Un personal amable y altamente calificado est\u00e1 disponible para asesorar a sus clientes.<\/p>\n\n\n\n<p>Durante el acto simb\u00f3lico de corte de cinta, estuvo presente la CEO de Altice Dominicana, Ana Figueiredo y la Sra. Kendall Roa, Directora de Tiendas Altice quienes indicaron que tras la reapertura de esta tienda los clientes que realicen activaciones o fidelizaciones recibir\u00e1n atractivas ofertas para adquirir los productos de hogar y financiamiento disponible durante todo el mes de enero y febrero.<\/p>\n\n\n\n<p>Asimismo, las ejecutivas destacaron que la nueva tienda, al igual que el resto de todo el pa\u00eds, contribuyen con mejores pr\u00e1cticas ambientales, pues para sus transacciones usan el m\u00ednimo de papel al contar con firma digital.<\/p>\n\n\n\n<p>En el acto de apertura y con la finalidad de cumplir con las medidas del Covid- 19, solo participaron ejecutivos de Altice as\u00ed como el personal a cargo de la misma; Miguelina P\u00e9rez, gerente Regional del Sur; la Encargada de la tienda, Rocio Zabala y el personal que estar\u00e1 atendiendo a los clientes que visiten la tienda.<\/p>\n","protected":false},"excerpt":{"rendered":"<p>San Crist\u00f3bal,&nbsp;R.D.- La empresa de telecomunicaciones Altice Dominicana, cumpliendo con su compromiso de mejorar constantemente la experiencia de sus clientes, reabri\u00f3 las puertas de su tienda remodelada en San Crist\u00f3bal.&hellip; <\/p>\n","protected":false},"author":2,"featured_media":3619,"comment_status":"open","ping_status":"open","sticky":false,"template":"","format":"standard","meta":{"fifu_image_url":"","fifu_image_alt":"","footnotes":""},"categories":[64],"tags":[],"class_list":["post-3616","post","type-post","status-publish","format-standard","has-post-thumbnail","hentry","category-telecomunicaciones"],"_links":{"self":[{"href":"https:\/\/elmundodelosnegocios.com.do\/v1\/wp-json\/wp\/v2\/posts\/3616","targetHints":{"allow":["GET"]}}],"collection":[{"href":"https:\/\/elmundodelosnegocios.com.do\/v1\/wp-json\/wp\/v2\/posts"}],"about":[{"href":"https:\/\/elmundodelosnegocios.com.do\/v1\/wp-json\/wp\/v2\/types\/post"}],"author":[{"embeddable":true,"href":"https:\/\/elmundodelosnegocios.com.do\/v1\/wp-json\/wp\/v2\/users\/2"}],"replies":[{"embeddable":true,"href":"https:\/\/elmundodelosnegocios.com.do\/v1\/wp-json\/wp\/v2\/comments?post=3616"}],"version-history":[{"count":0,"href":"https:\/\/elmundodelosnegocios.com.do\/v1\/wp-json\/wp\/v2\/posts\/3616\/revisions"}],"wp:featuredmedia":[{"embeddable":true,"href":"https:\/\/elmundodelosnegocios.com.do\/v1\/wp-json\/wp\/v2\/media\/3619"}],"wp:attachment":[{"href":"https:\/\/elmundodelosnegocios.com.do\/v1\/wp-json\/wp\/v2\/media?parent=3616"}],"wp:term":[{"taxonomy":"category","embeddable":true,"href":"https:\/\/elmundodelosnegocios.com.do\/v1\/wp-json\/wp\/v2\/categories?post=3616"},{"taxonomy":"post_tag","embeddable":true,"href":"https:\/\/elmundodelosnegocios.com.do\/v1\/wp-json\/wp\/v2\/tags?post=3616"}],"curies":[{"name":"wp","href":"https:\/\/api.w.org\/{rel}","templated":true}]}}