{"id":3625,"date":"2021-01-27T19:08:52","date_gmt":"2021-01-27T23:38:52","guid":{"rendered":"http:\/\/elmundodelosnegocios.com.do\/v1\/?p=3625"},"modified":"2021-01-27T19:08:56","modified_gmt":"2021-01-27T23:38:56","slug":"mantienen-reduccion-horario-laboral-y-personal-instituciones","status":"publish","type":"post","link":"https:\/\/elmundodelosnegocios.com.do\/v1\/mantienen-reduccion-horario-laboral-y-personal-instituciones\/","title":{"rendered":"Mantienen reducci\u00f3n horario laboral y personal instituciones"},"content":{"rendered":"\n<p><strong>SANTO DOMINGO<\/strong>, R.D., Enero 27, 2021.-&nbsp;El titular del Ministerio de Administraci\u00f3n P\u00fablica (MAP) inform\u00f3 que se mantendr\u00e1 el horario laboral para el sector p\u00fablico hasta las tres de la tarde y la asistencia de s\u00f3lo el 40 por ciento de los empleados a sus puestos de trabajo, como parte de las medidas para prevenir el contagio del Covid-19.<\/p>\n\n\n\n<p>El licenciado Dar\u00edo Castillo Lugo, explic\u00f3 que esta medida continuar\u00e1 aplic\u00e1ndose este mi\u00e9rcoles 27 de enero hasta el 8 de febrero, como prolongaci\u00f3n de la resoluci\u00f3n 0003-21&nbsp;que actualiza horarios y condiciones de trabajo en el sector p\u00fablico&nbsp;a consecuencia del estado de emergencia impuesto por la pandemia del Covid-19, y como forma de reforzar y dar cumplimiento a la aplicaci\u00f3n del decreto 37-21, del 22 de enero del 2021.&nbsp;<\/p>\n\n\n\n<p>Agreg\u00f3 que el art\u00edculo 15 de este decreto mantiene el horario laboral hasta las tres de la tarde y la reducci\u00f3n en un 40% de la asistencia del personal de cada instituci\u00f3n.<\/p>\n\n\n\n<p>En ese sentido, Castillo Lugo reiter\u00f3 que \u201cse mantendr\u00e1 el horario laboral en el sector p\u00fablico hasta las 3:00 p.m. y el 40% de la plantilla de empleados no esenciales para la actividad del Estado continuar\u00e1 sus labores desde sus hogares, a trav\u00e9s de los medios tecnol\u00f3gicos que permiten el teletrabajo\u201d.<\/p>\n\n\n\n<p>Para el teletrabajo, la resoluci\u00f3n da prioridad a quienes sobrepasan los 65 a\u00f1os de edad, a las embarazadas, a quienes padecen de enfermedades calificadas de alto riesgo, sin importar la edad, como c\u00e1ncer, enfermedad renal y diabetes mellitus tipo II.<\/p>\n\n\n\n<p>Tambi\u00e9n, a quienes padecen de afecciones card\u00edacas graves, asma, personas inmunodeprimidas a causa de trasplante de m\u00e9dulas \u00f3sea o de \u00f3rganos, VIH, el uso de corticoides o de otros medicamentos que debilitan el sistema inmunitario y de cualquier enfermedad que consideren las autoridades sanitarias.<\/p>\n\n\n\n<p>El ministro de Administraci\u00f3n P\u00fablica exhort\u00f3 a todos los servidores p\u00fablicos a continuar con la aplicaci\u00f3n de los protocolos establecidos por las autoridades de salud, a fin de evitar la propagaci\u00f3n del Covid-19 y de que los centros de trabajo se conviertan en focos de contagio.<\/p>\n\n\n\n<p>Reiter\u00f3 la obligatoriedad del uso de la mascarilla por parte de los servidores p\u00fablicos en las oficinas e instalaciones de los entes y \u00f3rganos p\u00fablicos, como medida esencial para evitar la propagaci\u00f3n de Covid-19, cuyo incumplimiento ser\u00e1 sancionado con las medidas establecidas en la Ley General de Salud 42-01<\/p>\n","protected":false},"excerpt":{"rendered":"<p>SANTO DOMINGO, R.D., Enero 27, 2021.-&nbsp;El titular del Ministerio de Administraci\u00f3n P\u00fablica (MAP) inform\u00f3 que se mantendr\u00e1 el horario laboral para el sector p\u00fablico hasta las tres de la tarde&hellip; <\/p>\n","protected":false},"author":2,"featured_media":3626,"comment_status":"open","ping_status":"open","sticky":false,"template":"","format":"standard","meta":{"fifu_image_url":"","fifu_image_alt":"","footnotes":""},"categories":[151],"tags":[],"class_list":["post-3625","post","type-post","status-publish","format-standard","has-post-thumbnail","hentry","category-gerencia"],"_links":{"self":[{"href":"https:\/\/elmundodelosnegocios.com.do\/v1\/wp-json\/wp\/v2\/posts\/3625","targetHints":{"allow":["GET"]}}],"collection":[{"href":"https:\/\/elmundodelosnegocios.com.do\/v1\/wp-json\/wp\/v2\/posts"}],"about":[{"href":"https:\/\/elmundodelosnegocios.com.do\/v1\/wp-json\/wp\/v2\/types\/post"}],"author":[{"embeddable":true,"href":"https:\/\/elmundodelosnegocios.com.do\/v1\/wp-json\/wp\/v2\/users\/2"}],"replies":[{"embeddable":true,"href":"https:\/\/elmundodelosnegocios.com.do\/v1\/wp-json\/wp\/v2\/comments?post=3625"}],"version-history":[{"count":0,"href":"https:\/\/elmundodelosnegocios.com.do\/v1\/wp-json\/wp\/v2\/posts\/3625\/revisions"}],"wp:featuredmedia":[{"embeddable":true,"href":"https:\/\/elmundodelosnegocios.com.do\/v1\/wp-json\/wp\/v2\/media\/3626"}],"wp:attachment":[{"href":"https:\/\/elmundodelosnegocios.com.do\/v1\/wp-json\/wp\/v2\/media?parent=3625"}],"wp:term":[{"taxonomy":"category","embeddable":true,"href":"https:\/\/elmundodelosnegocios.com.do\/v1\/wp-json\/wp\/v2\/categories?post=3625"},{"taxonomy":"post_tag","embeddable":true,"href":"https:\/\/elmundodelosnegocios.com.do\/v1\/wp-json\/wp\/v2\/tags?post=3625"}],"curies":[{"name":"wp","href":"https:\/\/api.w.org\/{rel}","templated":true}]}}