{"id":3631,"date":"2021-01-28T12:19:57","date_gmt":"2021-01-28T16:49:57","guid":{"rendered":"http:\/\/elmundodelosnegocios.com.do\/v1\/?p=3631"},"modified":"2021-01-28T12:20:02","modified_gmt":"2021-01-28T16:50:02","slug":"eligen-mendez-nuevo-presidente-amaprosan","status":"publish","type":"post","link":"https:\/\/elmundodelosnegocios.com.do\/v1\/eligen-mendez-nuevo-presidente-amaprosan\/","title":{"rendered":"Eligen M\u00e9ndez nuevo presidente AMAPROSAN"},"content":{"rendered":"\n<p><strong>SANTIAGO<\/strong>, R.D., Enero 28, 2021.\u2013 La Asociaci\u00f3n de Mayoristas en Provisiones de Santiago (AMAPROSAN), escogi\u00f3 a Luis Manuel M\u00e9ndez como nuevo Presidente de la &nbsp;Junta Directiva, en el marco de unas elecciones donde adem\u00e1s seleccionaron al Consejo de Asesores y &nbsp;Comisario de Cuenta, quienes se comprometieron a trabajar por el fortalecimiento de la principal instituci\u00f3n comercial de Santiago y El Cibao.<\/p>\n\n\n\n<p>Las elecciones fueron celebradas en las instalaciones de la entidad y particip\u00f3 el 66 % de los miembros de la instituci\u00f3n que agrupa la asociaci\u00f3n de mayoristas en provisiones de Santiago.<\/p>\n\n\n\n<p>Adem\u00e1s, les acompa\u00f1ar\u00e1n Mario Abreu como primer vicepresidente, V\u00edctor Marte Peralta como Segundo Vicepresidente, el Secretario ser\u00e1 Luis Manuel Genao; el sub-secretario Geraldo De Le\u00f3n; el Tesorero Julio C\u00e9sar P\u00e9rez Mata y el sub-tesorero Reynaldo Bautista.<\/p>\n\n\n\n<p>Los vocales ser\u00e1n Jos\u00e9 Siprian Lanfranco, Jos\u00e9 Rafael P\u00e9rez, Erickson Rafael Dom\u00ednguez, Tomas Emilio Cruz Taveras, Jos\u00e9 Luis N\u00fa\u00f1ez Almonte y Carlos Ram\u00f3n P\u00e9rez&nbsp;Haddad.&nbsp;El past presidente Julio C\u00e9sar P\u00e9rez Mata.<\/p>\n\n\n\n<p>El representante del Comit\u00e9 de Elecciones Antonio Valdez Fern\u00e1ndez inform\u00f3 que se present\u00f3 una sola plancha la No. 1, la cual recibi\u00f3 el apoyo de los miembros de la entidad comercial.<\/p>\n\n\n\n<p>El Consejo de Asesores lo presidir\u00e1 el expresidente de AMAPROSAN, Marcos Pichardo, ser\u00e1 vicepresidente Domingo Ferm\u00edn Almonte. El encargado de Acta y Correspondencia es Jos\u00e9 Mercedes Rodr\u00edguez, mientras el Comisario de Cuentas es \u00c1ngel de Jes\u00fas Cruz Contreras y el representante del Comit\u00e9 de Elecciones fue Jos\u00e9 Mauricio Mu\u00f1oz.<\/p>\n\n\n\n<p>Las elecciones se iniciaron a las 10:00 a.m. del pasado mi\u00e9rcoles tomando en cuenta el protocolo de distanciamiento f\u00edsico y cuidado por la pandemia del corona virus, por lo que el voto fue presencial y tambi\u00e9n v\u00eda digital.<\/p>\n","protected":false},"excerpt":{"rendered":"<p>SANTIAGO, R.D., Enero 28, 2021.\u2013 La Asociaci\u00f3n de Mayoristas en Provisiones de Santiago (AMAPROSAN), escogi\u00f3 a Luis Manuel M\u00e9ndez como nuevo Presidente de la &nbsp;Junta Directiva, en el marco de&hellip; <\/p>\n","protected":false},"author":2,"featured_media":3632,"comment_status":"open","ping_status":"open","sticky":false,"template":"","format":"standard","meta":{"fifu_image_url":"","fifu_image_alt":"","footnotes":""},"categories":[147],"tags":[],"class_list":["post-3631","post","type-post","status-publish","format-standard","has-post-thumbnail","hentry","category-comercio"],"_links":{"self":[{"href":"https:\/\/elmundodelosnegocios.com.do\/v1\/wp-json\/wp\/v2\/posts\/3631","targetHints":{"allow":["GET"]}}],"collection":[{"href":"https:\/\/elmundodelosnegocios.com.do\/v1\/wp-json\/wp\/v2\/posts"}],"about":[{"href":"https:\/\/elmundodelosnegocios.com.do\/v1\/wp-json\/wp\/v2\/types\/post"}],"author":[{"embeddable":true,"href":"https:\/\/elmundodelosnegocios.com.do\/v1\/wp-json\/wp\/v2\/users\/2"}],"replies":[{"embeddable":true,"href":"https:\/\/elmundodelosnegocios.com.do\/v1\/wp-json\/wp\/v2\/comments?post=3631"}],"version-history":[{"count":0,"href":"https:\/\/elmundodelosnegocios.com.do\/v1\/wp-json\/wp\/v2\/posts\/3631\/revisions"}],"wp:featuredmedia":[{"embeddable":true,"href":"https:\/\/elmundodelosnegocios.com.do\/v1\/wp-json\/wp\/v2\/media\/3632"}],"wp:attachment":[{"href":"https:\/\/elmundodelosnegocios.com.do\/v1\/wp-json\/wp\/v2\/media?parent=3631"}],"wp:term":[{"taxonomy":"category","embeddable":true,"href":"https:\/\/elmundodelosnegocios.com.do\/v1\/wp-json\/wp\/v2\/categories?post=3631"},{"taxonomy":"post_tag","embeddable":true,"href":"https:\/\/elmundodelosnegocios.com.do\/v1\/wp-json\/wp\/v2\/tags?post=3631"}],"curies":[{"name":"wp","href":"https:\/\/api.w.org\/{rel}","templated":true}]}}