{"id":3640,"date":"2021-01-28T12:29:36","date_gmt":"2021-01-28T16:59:36","guid":{"rendered":"http:\/\/elmundodelosnegocios.com.do\/v1\/?p=3640"},"modified":"2021-01-28T12:29:40","modified_gmt":"2021-01-28T16:59:40","slug":"considera-falta-voluntad-politica-gobiernos-incumplimiento-beneficios-ley-28-01","status":"publish","type":"post","link":"https:\/\/elmundodelosnegocios.com.do\/v1\/considera-falta-voluntad-politica-gobiernos-incumplimiento-beneficios-ley-28-01\/","title":{"rendered":"Considera falta voluntad pol\u00edtica gobiernos incumplimiento beneficios Ley 28-01"},"content":{"rendered":"\n<p><strong>NEIBA<\/strong>, Bahoruco, R.D., Enero 28, 2021.- El ex diputado Rafael M\u00e9ndez asegur\u00f3 que la ley 28-01, que crea la Zona Especial de Desarrollo Fronterizo, ha sido una&nbsp;legislaci\u00f3n natimuerta desde su promulgaci\u00f3n hace 20 a\u00f1os, en t\u00e9rminos de&nbsp;su cumplimiento por parte de las autoridades competentes, y debido a&nbsp;la escasa voluntad pol\u00edtica de los gobiernos de turno.<\/p>\n\n\n\n<p>\u201cDecimos que la Ley 28-01 ha sido una legislaci\u00f3n natimuerta, no<br>porque su vigencia est\u00e1 llegando a su final, sino porque los<br>beneficios que otorga esa legislaci\u00f3n a las empresas instaladas o que<br>buscan instalarse en la frontera, han sido escaso o nulos, en mayor\u00eda<br>de los casos, por el incumplimiento de los funcionarios que les<br>corresponde aplicar los beneficios\u201d, subray\u00f3.<\/p>\n\n\n\n<p>El pasado diputado por la Provincia Bahoruco consider\u00f3 que la nueva<br>ley debe establecer sanciones para los funcionarios que no cumplan con<br>los incentivos que contemple, as\u00ed como plazos para que el consejo de<br>coordinaci\u00f3n conozca las solicitudes de instalaci\u00f3n de las empresas<br>que se les someta a su consideraci\u00f3n y aprobaci\u00f3n.<\/p>\n\n\n\n<p>\u201cDecimos esto con suficiente conocimiento de causa, ya que hemos sido<br>testigos de que el consejo de directores y los funcionarios<br>competentes dejan dormir adrede en sus gavetas los expedientes que se<br>les somete, para responder as\u00ed a dictados de \u00f3rdenes superiores\u201d,<br>asegur\u00f3.<\/p>\n\n\n\n<p>Recuerda que la regi\u00f3n fronteriza es el \u00fanico espacio geogr\u00e1fico que<br>goza de la mayor seguridad jur\u00eddica, avalada en sentencias de las<br>altas cortes.<\/p>\n\n\n\n<p>La Ley 28-01 es la \u00fanica legislaci\u00f3n que complementa fielmente el<br>mandato constitucional que llama a poner atenci\u00f3n a la zona<br>fronteriza.<\/p>\n","protected":false},"excerpt":{"rendered":"<p>NEIBA, Bahoruco, R.D., Enero 28, 2021.- El ex diputado Rafael M\u00e9ndez asegur\u00f3 que la ley 28-01, que crea la Zona Especial de Desarrollo Fronterizo, ha sido una&nbsp;legislaci\u00f3n natimuerta desde su&hellip; <\/p>\n","protected":false},"author":2,"featured_media":3641,"comment_status":"open","ping_status":"open","sticky":false,"template":"","format":"standard","meta":{"fifu_image_url":"","fifu_image_alt":"","footnotes":""},"categories":[154],"tags":[],"class_list":["post-3640","post","type-post","status-publish","format-standard","has-post-thumbnail","hentry","category-industria"],"_links":{"self":[{"href":"https:\/\/elmundodelosnegocios.com.do\/v1\/wp-json\/wp\/v2\/posts\/3640","targetHints":{"allow":["GET"]}}],"collection":[{"href":"https:\/\/elmundodelosnegocios.com.do\/v1\/wp-json\/wp\/v2\/posts"}],"about":[{"href":"https:\/\/elmundodelosnegocios.com.do\/v1\/wp-json\/wp\/v2\/types\/post"}],"author":[{"embeddable":true,"href":"https:\/\/elmundodelosnegocios.com.do\/v1\/wp-json\/wp\/v2\/users\/2"}],"replies":[{"embeddable":true,"href":"https:\/\/elmundodelosnegocios.com.do\/v1\/wp-json\/wp\/v2\/comments?post=3640"}],"version-history":[{"count":0,"href":"https:\/\/elmundodelosnegocios.com.do\/v1\/wp-json\/wp\/v2\/posts\/3640\/revisions"}],"wp:featuredmedia":[{"embeddable":true,"href":"https:\/\/elmundodelosnegocios.com.do\/v1\/wp-json\/wp\/v2\/media\/3641"}],"wp:attachment":[{"href":"https:\/\/elmundodelosnegocios.com.do\/v1\/wp-json\/wp\/v2\/media?parent=3640"}],"wp:term":[{"taxonomy":"category","embeddable":true,"href":"https:\/\/elmundodelosnegocios.com.do\/v1\/wp-json\/wp\/v2\/categories?post=3640"},{"taxonomy":"post_tag","embeddable":true,"href":"https:\/\/elmundodelosnegocios.com.do\/v1\/wp-json\/wp\/v2\/tags?post=3640"}],"curies":[{"name":"wp","href":"https:\/\/api.w.org\/{rel}","templated":true}]}}