{"id":3646,"date":"2021-01-28T16:34:20","date_gmt":"2021-01-28T21:04:20","guid":{"rendered":"http:\/\/elmundodelosnegocios.com.do\/v1\/?p=3646"},"modified":"2021-01-28T16:34:30","modified_gmt":"2021-01-28T21:04:30","slug":"benefician-prodominicana-union-europea-y-digecom-a-mipymes-con-programa-crece","status":"publish","type":"post","link":"https:\/\/elmundodelosnegocios.com.do\/v1\/benefician-prodominicana-union-europea-y-digecom-a-mipymes-con-programa-crece\/","title":{"rendered":"Benefician PRODOMINICANA, Uni\u00f3n Europea y DIGECOM a MIPYMES con programa CRECE"},"content":{"rendered":"\n<p><strong>Santo Domingo, R.D., Enero 28, 2021.<\/strong>\u2013 La doctora Biviana Riveiro Disla, Directora Ejecutiva del Centro de Exportaci\u00f3n e Inversi\u00f3n de la Rep\u00fablica Dominicana (ProDominicana), el embajador&nbsp;Gianluca Grippa, jefe de la Delegaci\u00f3n Europea en el pa\u00eds, y Olaya Dotel, Viceministra de Cooperaci\u00f3n Internacional y Ordenadora Nacional de los Fondos Europeos,&nbsp;iniciaron la distribuci\u00f3n de cuarenta equipos tecnol\u00f3gicos a&nbsp;las Micro, Peque\u00f1as y Medianas Empresas (Mipymes) que se encuentran en proceso para exportar.&nbsp;<\/p>\n\n\n\n<p>Esta iniciativa es el resultado de una encuesta donde se detectaron las necesidades de peque\u00f1as y medianas empresas afectadas por la pandemia del Covid-19 en la Rep\u00fablica Dominicana, que arroj\u00f3 como diagn\u00f3stico la situaci\u00f3n que enfrentan las mismas que no tienen los mecanismos para digitalizar sus operaciones.&nbsp;&nbsp;<\/p>\n\n\n\n<p>Biviana Riveiro manifest\u00f3 que el objetivo es&nbsp;incluir&nbsp;a&nbsp;las Mipymes&nbsp;en la conectividad y digitalizaci\u00f3n que&nbsp;exigen estos nuevos tiempos para mantener las operaciones que permitan el crecimiento de las empresas.&nbsp;&nbsp;<\/p>\n\n\n\n<p>\u201cHoy queremos proporcionar a&nbsp;cuarenta Mipymes una herramienta&nbsp;tecnol\u00f3gica&nbsp;que las impulse, les permita realizar sus contactos de negocios, llevar sus operaciones en un sistema y al mismo tiempo&nbsp;capacitarse&nbsp;en el uso de estas&nbsp;plataformas\u201d sostuvo Riveiro.&nbsp;<\/p>\n\n\n\n<p>En el acto de donaci\u00f3n la viceministra de Cooperaci\u00f3n Internacional y Ordenadora Nacional de los Fondos Europeos para el Desarrollo, Olaya Dotel destac\u00f3 la importancia del acto, al tiempo de manifestar su apoyo a la transformaci\u00f3n Digital, enfatizando que la digitalizaci\u00f3n en las empresas es una necesidad, que puede conseguir que los negocios superen las consecuencias de una crisis sanitaria para la que nadie estaba preparado como es la pandemia del coronavirus (COVID-19).&nbsp;<\/p>\n\n\n\n<p>De su lado, Gianlucca Grippa, dijo que&nbsp;para la Rep\u00fablica Dominicana, las Mipymes representan un soporte fundamental para el tejido empresarial y la econom\u00eda nacional.&nbsp;&nbsp;<\/p>\n\n\n\n<p>\u201cCelebramos el inter\u00e9s de continuar adapt\u00e1ndose a los tiempos actuales y les invitamos a darle continuidad a sus esfuerzos, con la certeza de que estos tiempos ser\u00e1n tiempos de crecimiento y de implementaci\u00f3n de innovadoras pr\u00e1cticas de comercio que le permitir\u00e1n continuar facilitando su inserci\u00f3n y\/o expansi\u00f3n en los mercados internacionales\u201d sostuvo Grippa.&nbsp;<\/p>\n\n\n\n<p>La Uni\u00f3n Europea, DIGECOM y ProDominicana&nbsp;unen esfuerzos&nbsp;para combatir el impacto negativo generado por la pandemia en el comercio y la econom\u00eda dominicana, contribuyendo de esta forma al desarrollo econ\u00f3mico de las MiPymes y al cierre de la brecha digital en el engranaje productivo nacional.&nbsp;<\/p>\n\n\n\n<p><strong>Acerca del plan&nbsp;&nbsp;<\/strong><\/p>\n\n\n\n<p>La primera fase inici\u00f3 en marzo 2019 con el proceso de fumigaci\u00f3n-desinfecci\u00f3n de cien Mipymes y la entrega de los kits para protecci\u00f3n del Covid-19,&nbsp;contribuyendo&nbsp;as\u00ed al&nbsp;retorno&nbsp;de forma segura a sus&nbsp;procesos&nbsp;productivos.&nbsp;&nbsp;<\/p>\n\n\n\n<p>En la segunda y \u00faltima fase se entregaron equipos tecnol\u00f3gicos a cuarenta Mipymes ubicadas en diferentes partes del pa\u00eds tales como: R\u00edo San Juan, Santiago, Puerto Plata, Santiago Rodr\u00edguez, Hato Mayor, Dajab\u00f3n, Monse\u00f1or Nouel, Azua, Nagua, San Crist\u00f3bal, Saman\u00e1 y Distrito Nacional.&nbsp;<\/p>\n\n\n\n<p>Con la entrega de estas computadoras se persigue que las Mipymes se inserten en la econom\u00eda digital, adem\u00e1s el plan incluye en esta fase un acompa\u00f1amiento por 6 meses a fin de que puedan dinamizar sus procesos internos.&nbsp;<\/p>\n","protected":false},"excerpt":{"rendered":"<p>Santo Domingo, R.D., Enero 28, 2021.\u2013 La doctora Biviana Riveiro Disla, Directora Ejecutiva del Centro de Exportaci\u00f3n e Inversi\u00f3n de la Rep\u00fablica Dominicana (ProDominicana), el embajador&nbsp;Gianluca Grippa, jefe de la&hellip; <\/p>\n","protected":false},"author":2,"featured_media":3647,"comment_status":"open","ping_status":"open","sticky":false,"template":"","format":"standard","meta":{"fifu_image_url":"","fifu_image_alt":"","footnotes":""},"categories":[166],"tags":[],"class_list":["post-3646","post","type-post","status-publish","format-standard","has-post-thumbnail","hentry","category-tecnologia"],"_links":{"self":[{"href":"https:\/\/elmundodelosnegocios.com.do\/v1\/wp-json\/wp\/v2\/posts\/3646","targetHints":{"allow":["GET"]}}],"collection":[{"href":"https:\/\/elmundodelosnegocios.com.do\/v1\/wp-json\/wp\/v2\/posts"}],"about":[{"href":"https:\/\/elmundodelosnegocios.com.do\/v1\/wp-json\/wp\/v2\/types\/post"}],"author":[{"embeddable":true,"href":"https:\/\/elmundodelosnegocios.com.do\/v1\/wp-json\/wp\/v2\/users\/2"}],"replies":[{"embeddable":true,"href":"https:\/\/elmundodelosnegocios.com.do\/v1\/wp-json\/wp\/v2\/comments?post=3646"}],"version-history":[{"count":0,"href":"https:\/\/elmundodelosnegocios.com.do\/v1\/wp-json\/wp\/v2\/posts\/3646\/revisions"}],"wp:featuredmedia":[{"embeddable":true,"href":"https:\/\/elmundodelosnegocios.com.do\/v1\/wp-json\/wp\/v2\/media\/3647"}],"wp:attachment":[{"href":"https:\/\/elmundodelosnegocios.com.do\/v1\/wp-json\/wp\/v2\/media?parent=3646"}],"wp:term":[{"taxonomy":"category","embeddable":true,"href":"https:\/\/elmundodelosnegocios.com.do\/v1\/wp-json\/wp\/v2\/categories?post=3646"},{"taxonomy":"post_tag","embeddable":true,"href":"https:\/\/elmundodelosnegocios.com.do\/v1\/wp-json\/wp\/v2\/tags?post=3646"}],"curies":[{"name":"wp","href":"https:\/\/api.w.org\/{rel}","templated":true}]}}