{"id":3656,"date":"2021-02-01T17:07:43","date_gmt":"2021-02-01T21:37:43","guid":{"rendered":"http:\/\/elmundodelosnegocios.com.do\/v1\/?p=3656"},"modified":"2021-02-01T17:08:09","modified_gmt":"2021-02-01T21:38:09","slug":"banco-popular-invita-a-ver-el-lado-positivo-para-superar-los-retos","status":"publish","type":"post","link":"https:\/\/elmundodelosnegocios.com.do\/v1\/banco-popular-invita-a-ver-el-lado-positivo-para-superar-los-retos\/","title":{"rendered":"Banco Popular invita a ver el lado positivo para superar los retos"},"content":{"rendered":"\n<p>Santo Domingo, D.N. \u2013 El Banco Popular Dominicano present\u00f3 la campa\u00f1a de publicidad institucional \u201cEl Lado Positivo\u201d, que anima a la sociedad a enfrentar la realidad con optimismo, descubriendo el potencial que todos llevamos dentro para superar las adversidades.<\/p>\n\n\n\n<figure class=\"wp-block-gallery columns-2 is-cropped wp-block-gallery-1 is-layout-flex wp-block-gallery-is-layout-flex\"><ul class=\"blocks-gallery-grid\"><li class=\"blocks-gallery-item\"><figure><a href=\"https:\/\/elmundodelosnegocios.com.do\/v1\/wp-content\/uploads\/2021\/02\/000.jpg\"><img loading=\"lazy\" decoding=\"async\" width=\"300\" height=\"169\" src=\"https:\/\/elmundodelosnegocios.com.do\/v1\/wp-content\/uploads\/2021\/02\/000-300x169.jpg\" alt=\"\" data-id=\"3657\" data-full-url=\"https:\/\/elmundodelosnegocios.com.do\/v1\/wp-content\/uploads\/2021\/02\/000.jpg\" data-link=\"https:\/\/elmundodelosnegocios.com.do\/v1\/?attachment_id=3657\" class=\"wp-image-3657\" srcset=\"https:\/\/elmundodelosnegocios.com.do\/v1\/wp-content\/uploads\/2021\/02\/000-300x169.jpg 300w, https:\/\/elmundodelosnegocios.com.do\/v1\/wp-content\/uploads\/2021\/02\/000-768x432.jpg 768w, https:\/\/elmundodelosnegocios.com.do\/v1\/wp-content\/uploads\/2021\/02\/000-390x220.jpg 390w, https:\/\/elmundodelosnegocios.com.do\/v1\/wp-content\/uploads\/2021\/02\/000.jpg 800w\" sizes=\"auto, (max-width: 300px) 100vw, 300px\" \/><\/a><\/figure><\/li><li class=\"blocks-gallery-item\"><figure><a href=\"https:\/\/elmundodelosnegocios.com.do\/v1\/wp-content\/uploads\/2021\/02\/000a.jpg\"><img loading=\"lazy\" decoding=\"async\" width=\"800\" height=\"450\" src=\"https:\/\/elmundodelosnegocios.com.do\/v1\/wp-content\/uploads\/2021\/02\/000a.jpg\" alt=\"\" data-id=\"3658\" data-full-url=\"https:\/\/elmundodelosnegocios.com.do\/v1\/wp-content\/uploads\/2021\/02\/000a.jpg\" data-link=\"https:\/\/elmundodelosnegocios.com.do\/v1\/?attachment_id=3658\" class=\"wp-image-3658\" srcset=\"https:\/\/elmundodelosnegocios.com.do\/v1\/wp-content\/uploads\/2021\/02\/000a.jpg 800w, https:\/\/elmundodelosnegocios.com.do\/v1\/wp-content\/uploads\/2021\/02\/000a-300x169.jpg 300w, https:\/\/elmundodelosnegocios.com.do\/v1\/wp-content\/uploads\/2021\/02\/000a-768x432.jpg 768w, https:\/\/elmundodelosnegocios.com.do\/v1\/wp-content\/uploads\/2021\/02\/000a-390x220.jpg 390w\" sizes=\"auto, (max-width: 800px) 100vw, 800px\" \/><\/a><\/figure><\/li><\/ul><\/figure>\n\n\n\n<p>A trav\u00e9s de piezas audiovisuales, impresas, radiales y para el ecosistema digital, la iniciativa motiva a la reflexi\u00f3n, a valorar lo bueno con lo que se cuenta y aunar esfuerzos colectivos para contribuir con la reactivaci\u00f3n econ\u00f3mica y social del pa\u00eds.<\/p>\n\n\n\n<p>A ritmo de pop urbano con toques de merengue, la narrativa del comercial recorre las calles de diversas ciudades dominicanas, mostrando c\u00f3mo la poblaci\u00f3n sale adelante en el d\u00eda a d\u00eda, gracias a su talante positivo, entusiasta y resiliente, adapt\u00e1ndose a la situaci\u00f3n de cada momento y demostrando c\u00f3mo, desde el lado positivo, los retos pueden verse como oportunidades que se superan juntos.<\/p>\n\n\n\n<p>Con esta campa\u00f1a, el Banco Popular invita a ver las cosas desde ese \u00e1ngulo que representa la esencia de los dominicanos y refuerza el mensaje de que para enfrentar con \u00e9xito los retos de la vida resultan fundamentales la cooperaci\u00f3n y la solidaridad, el prop\u00f3sito de superaci\u00f3n y la actitud optimista de toda la poblaci\u00f3n.<\/p>\n\n\n\n<p>Desde esta perspectiva, la entidad bancaria, que acaba de cumplir 57 a\u00f1os de operaciones, reafirma su compromiso de seguir trabajando al lado de la sociedad y el planeta, contribuyendo al desarrollo sostenible de la naci\u00f3n.&nbsp;<\/p>\n\n\n\n<p>La reconocida agencia de publicidad Cazar3 es la responsable de la ejecuci\u00f3n de esta campa\u00f1a institucional, producida por Kokaleka, con el acompa\u00f1amiento del banco. En redes sociales, puede seguirse el contenido a trav\u00e9s de la etiqueta #ElLadoPositivoRD.<\/p>\n","protected":false},"excerpt":{"rendered":"<p>Santo Domingo, D.N. \u2013 El Banco Popular Dominicano present\u00f3 la campa\u00f1a de publicidad institucional \u201cEl Lado Positivo\u201d, que anima a la sociedad a enfrentar la realidad con optimismo, descubriendo el&hellip; <\/p>\n","protected":false},"author":2,"featured_media":3657,"comment_status":"closed","ping_status":"closed","sticky":false,"template":"","format":"standard","meta":{"fifu_image_url":"","fifu_image_alt":"","footnotes":""},"categories":[157],"tags":[],"class_list":["post-3656","post","type-post","status-publish","format-standard","has-post-thumbnail","hentry","category-marketing"],"_links":{"self":[{"href":"https:\/\/elmundodelosnegocios.com.do\/v1\/wp-json\/wp\/v2\/posts\/3656","targetHints":{"allow":["GET"]}}],"collection":[{"href":"https:\/\/elmundodelosnegocios.com.do\/v1\/wp-json\/wp\/v2\/posts"}],"about":[{"href":"https:\/\/elmundodelosnegocios.com.do\/v1\/wp-json\/wp\/v2\/types\/post"}],"author":[{"embeddable":true,"href":"https:\/\/elmundodelosnegocios.com.do\/v1\/wp-json\/wp\/v2\/users\/2"}],"replies":[{"embeddable":true,"href":"https:\/\/elmundodelosnegocios.com.do\/v1\/wp-json\/wp\/v2\/comments?post=3656"}],"version-history":[{"count":0,"href":"https:\/\/elmundodelosnegocios.com.do\/v1\/wp-json\/wp\/v2\/posts\/3656\/revisions"}],"wp:featuredmedia":[{"embeddable":true,"href":"https:\/\/elmundodelosnegocios.com.do\/v1\/wp-json\/wp\/v2\/media\/3657"}],"wp:attachment":[{"href":"https:\/\/elmundodelosnegocios.com.do\/v1\/wp-json\/wp\/v2\/media?parent=3656"}],"wp:term":[{"taxonomy":"category","embeddable":true,"href":"https:\/\/elmundodelosnegocios.com.do\/v1\/wp-json\/wp\/v2\/categories?post=3656"},{"taxonomy":"post_tag","embeddable":true,"href":"https:\/\/elmundodelosnegocios.com.do\/v1\/wp-json\/wp\/v2\/tags?post=3656"}],"curies":[{"name":"wp","href":"https:\/\/api.w.org\/{rel}","templated":true}]}}