{"id":3663,"date":"2021-02-01T20:41:12","date_gmt":"2021-02-02T01:11:12","guid":{"rendered":"http:\/\/elmundodelosnegocios.com.do\/v1\/?p=3663"},"modified":"2021-02-01T20:41:16","modified_gmt":"2021-02-02T01:11:16","slug":"reducira-aduanas-a-24-horas-retiro-carga-puertos","status":"publish","type":"post","link":"https:\/\/elmundodelosnegocios.com.do\/v1\/reducira-aduanas-a-24-horas-retiro-carga-puertos\/","title":{"rendered":"Reducir\u00e1 Aduanas a 24 horas retiro carga  puertos"},"content":{"rendered":"\n<p><strong>Santo Domingo<\/strong>, R.D., Enero 29, 2021.-&nbsp;El licenciado Eduardo Sanz Lovat\u00f3n, director de Aduanas, afirm\u00f3 que se trabaja para que a partir del 1 de junio de 2021 el despacho de mercanc\u00edas en los puertos no dure m\u00e1s de 24 horas que en la actualidad es de seis d\u00edas y 20 horas.<\/p>\n\n\n\n<p>El titular de la DGA&nbsp;asegur\u00f3 que esta iniciativa forma parte de la meta del Gobierno del presidente Luis Abinader, hacer de Rep\u00fablica Dominicana un pa\u00eds m\u00e1s competitivo y convertirlo en un&nbsp;<em>hub&nbsp;<\/em>regional de clase mundial.<\/p>\n\n\n\n<p>\u201cPara nosotros esta iniciativa representa un reto, hacemos este anuncio agarrados de las manos de Dios, sabiendo lo dif\u00edcil que es, pero estamos decididos a lograrlo\u201d, expres\u00f3.<\/p>\n\n\n\n<p>Sanz Lovat\u00f3n ofreci\u00f3 estas declaraciones durante la 12va&nbsp;reuni\u00f3n plenaria del&nbsp;Comit\u00e9 Nacional de Facilitaci\u00f3n del Comercio (CNFC),&nbsp;en su calidad de presidente.<\/p>\n\n\n\n<p>El funcionario tambi\u00e9n anunci\u00f3 el apoyo recibido por el Departamento de Agricultura de los Estados Unidos (USDA, por sus siglas en ingl\u00e9s), quienes a trav\u00e9s de la organizaci\u00f3n,&nbsp;International Executive Service Corps (IESC)&nbsp;han dispuesto ejecutar, desde junio 2021, por cinco a\u00f1os, el&nbsp;programa Trade Safe (TraSa), por un presupuesto, donado por ellos, de 13 millones setecientos mil d\u00f3lares.<\/p>\n\n\n\n<p>En ese sentido, asegur\u00f3 que se les ha&nbsp;propuesto a los directivos del programa que este presupuesto sea designado en tres medidas fundamentales: la gesti\u00f3n de riesgo y el uso de tecnolog\u00eda no intrusiva, la eficientizaci\u00f3n de la expansi\u00f3n de Ventanilla \u00danica de Comercio Exterior (VUCE) y el manejo adecuado de la cadena de fr\u00edo y de productos perecederos.<\/p>\n\n\n\n<p>De su lado, el&nbsp;director ejecutivo del Consejo Nacional de Competitividad (CNC), Peter Prazmowzki, valor\u00f3 el esfuerzo de tratar de mejorar los tiempos en materia de aduanas y es una parte importante del programa \u201cburocracia cero gobiernos eficientes\u201d que el presidente ha promovido y que esto es un cambio cultural y fundamental para el pa\u00eds.<\/p>\n\n\n\n<p>Indic\u00f3 que el CNFC es una mesa de di\u00e1logo y coordinaci\u00f3n permanente en la que el sector p\u00fablico y privado trabajan para que la adopci\u00f3n de medidas que permitan el cumplimento del Acuerdo de Facilitaci\u00f3n de Comercio de la OMC.<\/p>\n\n\n\n<p>Dijo que este acuerdo tiene como objetivo impulsar el bienestar econ\u00f3mico y sociopol\u00edtico del pa\u00eds. \u201cDesde el&nbsp;CNC estamos convencidos de que podemos mejorar nuestros niveles de productividad y desarrollo si logramos implementar muchas reformas que se necesitan\u201d, expres\u00f3&nbsp;Prazmowzki.&nbsp;&nbsp;<\/p>\n\n\n\n<p>William Malamud, vicepresidente ejecutivo de la C\u00e1mara Americana de Comercio de la Rep\u00fablica Dominicana (AMCHAMDR), respecto a facilitaci\u00f3n del comercio, abord\u00f3&nbsp;&nbsp;&nbsp;&nbsp;&nbsp;&nbsp;&nbsp;&nbsp;&nbsp;&nbsp;&nbsp;&nbsp;&nbsp;&nbsp;&nbsp;&nbsp;&nbsp;&nbsp;&nbsp;&nbsp;&nbsp;&nbsp;&nbsp; &nbsp;&nbsp;&nbsp;&nbsp;&nbsp;&nbsp;&nbsp;&nbsp;&nbsp;&nbsp;&nbsp;&nbsp;&nbsp;&nbsp;&nbsp;&nbsp;&nbsp;&nbsp;&nbsp;&nbsp;&nbsp;&nbsp;&nbsp;&nbsp;&nbsp;&nbsp;&nbsp;&nbsp;&nbsp;&nbsp;&nbsp;&nbsp;&nbsp;&nbsp;&nbsp;&nbsp;&nbsp;&nbsp;&nbsp;&nbsp;&nbsp;&nbsp;&nbsp;&nbsp;&nbsp;&nbsp;&nbsp;&nbsp;&nbsp;&nbsp;&nbsp;&nbsp;&nbsp;&nbsp;&nbsp;&nbsp;&nbsp;&nbsp;&nbsp;&nbsp;&nbsp;&nbsp;&nbsp;&nbsp;&nbsp;&nbsp;&nbsp;&nbsp;&nbsp;&nbsp;&nbsp;&nbsp;&nbsp;&nbsp;&nbsp;&nbsp;&nbsp;&nbsp;&nbsp;&nbsp;&nbsp;&nbsp;&nbsp;&nbsp;&nbsp;&nbsp;&nbsp;&nbsp;&nbsp;&nbsp;&nbsp;&nbsp;&nbsp;&nbsp;&nbsp;&nbsp;&nbsp;&nbsp;&nbsp;&nbsp;&nbsp;&nbsp;&nbsp;&nbsp;&nbsp;&nbsp;&nbsp;&nbsp;&nbsp;&nbsp;&nbsp;&nbsp;&nbsp;&nbsp;&nbsp;&nbsp;&nbsp;&nbsp;&nbsp;&nbsp;&nbsp;&nbsp;&nbsp;&nbsp;&nbsp;&nbsp;&nbsp;&nbsp;&nbsp;&nbsp;&nbsp;&nbsp;&nbsp;&nbsp;&nbsp;&nbsp;&nbsp;&nbsp;&nbsp;&nbsp;&nbsp;&nbsp;&nbsp;&nbsp;&nbsp;&nbsp;&nbsp;&nbsp;&nbsp;&nbsp;&nbsp;&nbsp;&nbsp;&nbsp;&nbsp;&nbsp;&nbsp;&nbsp;&nbsp;&nbsp;&nbsp;&nbsp;&nbsp;&nbsp;&nbsp;&nbsp;&nbsp;&nbsp;&nbsp;&nbsp;&nbsp;&nbsp;&nbsp;&nbsp;&nbsp;&nbsp;&nbsp;&nbsp;&nbsp;&nbsp;&nbsp;&nbsp;&nbsp;&nbsp;&nbsp;&nbsp;&nbsp;&nbsp;&nbsp;&nbsp;&nbsp;&nbsp;&nbsp;&nbsp;&nbsp;&nbsp;&nbsp;&nbsp;&nbsp;&nbsp;&nbsp;&nbsp;&nbsp;&nbsp;&nbsp;&nbsp;&nbsp;&nbsp;&nbsp;&nbsp;&nbsp;&nbsp;&nbsp;&nbsp;&nbsp;&nbsp;&nbsp;&nbsp;&nbsp;&nbsp;&nbsp;&nbsp;&nbsp;&nbsp;&nbsp;&nbsp;&nbsp;&nbsp;&nbsp;&nbsp;&nbsp;&nbsp;&nbsp;&nbsp;&nbsp;&nbsp;&nbsp;&nbsp;&nbsp;&nbsp;&nbsp;&nbsp;&nbsp;&nbsp;&nbsp;&nbsp;&nbsp;&nbsp;&nbsp;&nbsp;&nbsp;&nbsp;&nbsp;&nbsp;&nbsp;&nbsp;&nbsp;&nbsp;&nbsp;&nbsp;&nbsp;&nbsp;&nbsp;&nbsp;&nbsp;&nbsp;&nbsp;&nbsp;&nbsp;&nbsp;&nbsp;&nbsp;&nbsp;&nbsp;&nbsp;&nbsp;&nbsp;&nbsp;&nbsp;&nbsp;&nbsp;&nbsp;&nbsp;&nbsp;&nbsp;&nbsp;&nbsp;&nbsp;&nbsp;&nbsp;&nbsp;&nbsp;&nbsp;&nbsp;&nbsp;&nbsp;&nbsp;&nbsp;&nbsp;&nbsp;&nbsp;&nbsp;&nbsp;&nbsp;&nbsp;&nbsp;&nbsp;&nbsp;&nbsp;&nbsp;&nbsp;&nbsp;&nbsp;&nbsp;&nbsp;&nbsp;&nbsp;&nbsp;&nbsp;&nbsp;&nbsp;&nbsp;&nbsp;&nbsp;&nbsp;&nbsp;&nbsp;&nbsp;&nbsp;&nbsp;&nbsp;&nbsp;&nbsp;&nbsp;&nbsp;&nbsp;&nbsp;&nbsp;&nbsp;&nbsp;&nbsp;&nbsp;&nbsp;&nbsp;&nbsp;&nbsp;&nbsp;&nbsp;&nbsp;&nbsp;&nbsp;&nbsp;&nbsp;&nbsp;&nbsp;&nbsp;&nbsp;&nbsp;&nbsp;&nbsp;&nbsp;&nbsp;&nbsp;&nbsp;&nbsp;&nbsp;&nbsp;&nbsp;&nbsp;&nbsp;&nbsp;&nbsp;&nbsp;&nbsp;&nbsp;&nbsp;&nbsp;&nbsp;&nbsp;&nbsp;&nbsp;&nbsp;&nbsp;&nbsp;&nbsp;&nbsp;&nbsp;&nbsp;&nbsp;&nbsp;&nbsp;&nbsp;&nbsp;&nbsp;el tema de la simplificaci\u00f3n de procesos y mejora de competitividad y la maximizaci\u00f3n del desempe\u00f1o de cadenas de suministros, a trav\u00e9s de la generaci\u00f3n de soluciones log\u00edsticas que promuevan e incentiven el comercio internacional en Rep\u00fablica Dominicana.<\/p>\n\n\n\n<p>Entre los presentes en la 12va&nbsp;reuni\u00f3n del CNFC estuvieron&nbsp;el mayor general Carlos Luciano D\u00edaz Morfa, Ministro de Defensa; Daniel Liranzo, director ejecutivo del Consejo Nacional de Zonas Francas, Enrique Garc\u00eda, Director General de Migraci\u00f3n, Vilma Arbaje, del Ministerio de Industria y Comercio, entre otros.<\/p>\n","protected":false},"excerpt":{"rendered":"<p>Santo Domingo, R.D., Enero 29, 2021.-&nbsp;El licenciado Eduardo Sanz Lovat\u00f3n, director de Aduanas, afirm\u00f3 que se trabaja para que a partir del 1 de junio de 2021 el despacho de&hellip; <\/p>\n","protected":false},"author":2,"featured_media":3664,"comment_status":"open","ping_status":"open","sticky":false,"template":"","format":"standard","meta":{"fifu_image_url":"","fifu_image_alt":"","footnotes":""},"categories":[181],"tags":[],"class_list":["post-3663","post","type-post","status-publish","format-standard","has-post-thumbnail","hentry","category-carga-logistica"],"_links":{"self":[{"href":"https:\/\/elmundodelosnegocios.com.do\/v1\/wp-json\/wp\/v2\/posts\/3663","targetHints":{"allow":["GET"]}}],"collection":[{"href":"https:\/\/elmundodelosnegocios.com.do\/v1\/wp-json\/wp\/v2\/posts"}],"about":[{"href":"https:\/\/elmundodelosnegocios.com.do\/v1\/wp-json\/wp\/v2\/types\/post"}],"author":[{"embeddable":true,"href":"https:\/\/elmundodelosnegocios.com.do\/v1\/wp-json\/wp\/v2\/users\/2"}],"replies":[{"embeddable":true,"href":"https:\/\/elmundodelosnegocios.com.do\/v1\/wp-json\/wp\/v2\/comments?post=3663"}],"version-history":[{"count":0,"href":"https:\/\/elmundodelosnegocios.com.do\/v1\/wp-json\/wp\/v2\/posts\/3663\/revisions"}],"wp:featuredmedia":[{"embeddable":true,"href":"https:\/\/elmundodelosnegocios.com.do\/v1\/wp-json\/wp\/v2\/media\/3664"}],"wp:attachment":[{"href":"https:\/\/elmundodelosnegocios.com.do\/v1\/wp-json\/wp\/v2\/media?parent=3663"}],"wp:term":[{"taxonomy":"category","embeddable":true,"href":"https:\/\/elmundodelosnegocios.com.do\/v1\/wp-json\/wp\/v2\/categories?post=3663"},{"taxonomy":"post_tag","embeddable":true,"href":"https:\/\/elmundodelosnegocios.com.do\/v1\/wp-json\/wp\/v2\/tags?post=3663"}],"curies":[{"name":"wp","href":"https:\/\/api.w.org\/{rel}","templated":true}]}}