{"id":3666,"date":"2021-02-01T20:42:07","date_gmt":"2021-02-02T01:12:07","guid":{"rendered":"http:\/\/elmundodelosnegocios.com.do\/v1\/?p=3666"},"modified":"2021-02-01T20:42:10","modified_gmt":"2021-02-02T01:12:10","slug":"realizan-jornada-orientacion-facilitadores-en-inicio-docencia","status":"publish","type":"post","link":"https:\/\/elmundodelosnegocios.com.do\/v1\/realizan-jornada-orientacion-facilitadores-en-inicio-docencia\/","title":{"rendered":"Realizan jornada orientaci\u00f3n facilitadores en inicio docencia"},"content":{"rendered":"\n<p>El Instituto Nacional de Formaci\u00f3n T\u00e9cnico Profesional (INFOTEP) inici\u00f3 la &nbsp;docencia para este a\u00f1o 2021 y desarroll\u00f3 una jornada de orientaci\u00f3n a los docentes de esa instituci\u00f3n, con el fin de socializar aspectos metodol\u00f3gicos y tecnol\u00f3gicos, que contribuir\u00e1 a mejorar la calidad de los t\u00e9cnicos egresados.<\/p>\n\n\n\n<p>Esta actividad, que se desarroll\u00f3 en modalidad virtual y presencial,&nbsp; estuvo dirigida al cuerpo de facilitadores de las cuatro gerencias regionales, as\u00ed como a t\u00e9cnicos y coordinadores docentes.<\/p>\n\n\n\n<p>Fueron expuestas estrategias sobre formaci\u00f3n andrag\u00f3gica y manejo de los retos actuales, y sobre la tecnolog\u00eda y formaci\u00f3n virtual en el proceso formativo, bajo la orientaci\u00f3n de los expertos en Pedagog\u00eda y Planificaci\u00f3n Carmen G\u00e1lvez y Hiddekel Morrison.<\/p>\n\n\n\n<p>El director general del INFOTEP, Rafael Santos Bad\u00eda, dijo, en sus palabras de motivaci\u00f3n, que la apertura de la docencia en el marco de una pandemia mundial obliga a recurrir a la formaci\u00f3n en l\u00ednea, lo cual ser\u00e1 posible gracias al desarrollo de la tecnolog\u00eda y a la robustez institucional.<\/p>\n\n\n\n<p>\u201cEl gran avance de la revoluci\u00f3n cient\u00edfica ha permitido que se pueda interactuar por v\u00eda digital y ya el INFOTEP tiene una experiencia, contamos con un Centro de Innovaci\u00f3n y Desarrollo Docente que realiza todas sus actividades formativas bajo la modalidad virtual\u201d, sostuvo Santos Bad\u00eda.<\/p>\n\n\n\n<p>Destac\u00f3 que es de fundamental importancia que el INFOTEP est\u00e9 alineado con los sectores productivos conforme a las pol\u00edticas trazadas por el Presidente de la Rep\u00fablica, Luis Abinader, para la recuperaci\u00f3n econ\u00f3mica que necesita la naci\u00f3n.<\/p>\n\n\n\n<p>Tambi\u00e9n inform\u00f3 que para aumentar la eficacia y la calidad del proceso de ense\u00f1anza, la instituci\u00f3n iniciar\u00e1 un plan piloto con simuladores, asegurando as\u00ed que los participantes obtengan un aprendizaje m\u00e1s significativo, y&nbsp; puedan consolidar los conocimientos te\u00f3ricos con las situaciones virtuales simuladas m\u00e1s cercanas a la pr\u00e1ctica.<\/p>\n\n\n\n<p><strong><em>Metas para 2021<\/em><\/strong><\/p>\n\n\n\n<p>Para este a\u00f1o 2021 el INFOTEP tiene previsto ofrecer 30,122 acciones formativas y atender a 544,399 participantes en todo el pa\u00eds.<\/p>\n\n\n\n<p>Asimismo, se proyecta brindar servicios de asesor\u00eda y asistencia t\u00e9cnica a 3,250 empresas grandes, peque\u00f1as y medianas, en los sectores servicio, turismo, agropecuario e industrial, especialmente zonas francas.<\/p>\n\n\n\n<p><strong><em>Nuevos retos para docentes<\/em><\/strong><\/p>\n\n\n\n<p>La gerente de Normas y Desarrollo Docente del INFOTEP, Maura Corpor\u00e1n, dijo que con esta jornada de orientaci\u00f3n se busca que los docentes adquieran&nbsp; nuevos conocimientos, destrezas y competencias para seguir afrontando los retos y desaf\u00edos tecnol\u00f3gicos y metodol\u00f3gicos derivados, primero, de la Cuarta Revoluci\u00f3n Industrial \u2013Industria 4.0- y segundo, de las consecuencias de la&nbsp; pandemia por el COVID 19.<\/p>\n\n\n\n<p>Corpor\u00e1n sostuvo que la educaci\u00f3n y la formaci\u00f3n t\u00e9cnica han sido uno de los sectores m\u00e1s impactados y que el docente ha tenido que reentrenarse en metodolog\u00edas de formaci\u00f3n virtual y&nbsp; aprender c\u00f3mo integrar las TIC de forma que se conviertan en una herramienta al&nbsp; servicio de los procesos que desarrollan.<\/p>\n\n\n\n<p>\u201cHa debido incorporar un nuevo repertorio de estrategias did\u00e1cticas que permitan que los participantes adquieran las competencias que requieren los mercados laborales\u201d, expuso la gerente de Normas y Desarrollo Docente.<\/p>\n\n\n\n<p>La jornada de orientaci\u00f3n fue un proceso altamente participativo, mediante la conjunci\u00f3n de lluvia de ideas, di\u00e1logo y presentaci\u00f3n de ejemplos did\u00e1cticos.<\/p>\n","protected":false},"excerpt":{"rendered":"<p>El Instituto Nacional de Formaci\u00f3n T\u00e9cnico Profesional (INFOTEP) inici\u00f3 la &nbsp;docencia para este a\u00f1o 2021 y desarroll\u00f3 una jornada de orientaci\u00f3n a los docentes de esa instituci\u00f3n, con el fin&hellip; <\/p>\n","protected":false},"author":2,"featured_media":3667,"comment_status":"open","ping_status":"open","sticky":false,"template":"","format":"standard","meta":{"fifu_image_url":"","fifu_image_alt":"","footnotes":""},"categories":[151],"tags":[],"class_list":["post-3666","post","type-post","status-publish","format-standard","has-post-thumbnail","hentry","category-gerencia"],"_links":{"self":[{"href":"https:\/\/elmundodelosnegocios.com.do\/v1\/wp-json\/wp\/v2\/posts\/3666","targetHints":{"allow":["GET"]}}],"collection":[{"href":"https:\/\/elmundodelosnegocios.com.do\/v1\/wp-json\/wp\/v2\/posts"}],"about":[{"href":"https:\/\/elmundodelosnegocios.com.do\/v1\/wp-json\/wp\/v2\/types\/post"}],"author":[{"embeddable":true,"href":"https:\/\/elmundodelosnegocios.com.do\/v1\/wp-json\/wp\/v2\/users\/2"}],"replies":[{"embeddable":true,"href":"https:\/\/elmundodelosnegocios.com.do\/v1\/wp-json\/wp\/v2\/comments?post=3666"}],"version-history":[{"count":0,"href":"https:\/\/elmundodelosnegocios.com.do\/v1\/wp-json\/wp\/v2\/posts\/3666\/revisions"}],"wp:featuredmedia":[{"embeddable":true,"href":"https:\/\/elmundodelosnegocios.com.do\/v1\/wp-json\/wp\/v2\/media\/3667"}],"wp:attachment":[{"href":"https:\/\/elmundodelosnegocios.com.do\/v1\/wp-json\/wp\/v2\/media?parent=3666"}],"wp:term":[{"taxonomy":"category","embeddable":true,"href":"https:\/\/elmundodelosnegocios.com.do\/v1\/wp-json\/wp\/v2\/categories?post=3666"},{"taxonomy":"post_tag","embeddable":true,"href":"https:\/\/elmundodelosnegocios.com.do\/v1\/wp-json\/wp\/v2\/tags?post=3666"}],"curies":[{"name":"wp","href":"https:\/\/api.w.org\/{rel}","templated":true}]}}