{"id":3675,"date":"2021-02-01T20:45:25","date_gmt":"2021-02-02T01:15:25","guid":{"rendered":"http:\/\/elmundodelosnegocios.com.do\/v1\/?p=3675"},"modified":"2021-02-01T20:45:28","modified_gmt":"2021-02-02T01:15:28","slug":"afirma-canciller-haiti-migracion-y-comercio-temas-primordiales-relaciones-con-dominicana","status":"publish","type":"post","link":"https:\/\/elmundodelosnegocios.com.do\/v1\/afirma-canciller-haiti-migracion-y-comercio-temas-primordiales-relaciones-con-dominicana\/","title":{"rendered":"Afirma Canciller Hait\u00ed migraci\u00f3n y comercio temas primordiales relaciones con Dominicana"},"content":{"rendered":"\n<p>PUERTO PR\u00cdNCIPE, Hait\u00ed.- El Ministro de Relaciones Exteriores y Cultos de Hait\u00ed, doctor Claude Joseph, afirm\u00f3 que la migraci\u00f3n y el comercio son temas prioritarios en las relaciones con la Rep\u00fablica Dominicana, que avanzan con optimismo en esta nueva fase de colaboraci\u00f3n y cooperaci\u00f3n entre las dos naciones.<\/p>\n\n\n\n<p>El canciller haitiano se pronunci\u00f3 en esos t\u00e9rminos durante su participaci\u00f3n en la celebraci\u00f3n de una mesa redonda sobre el tema \u00abMigraci\u00f3n y Comercio en el coraz\u00f3n de las relaciones haitiano-dominicanas: an\u00e1lisis, problem\u00e1ticas y perspectivas\u00bb, organizada por la Comisi\u00f3n Mixta Haitiano-Dominicana, que &nbsp;preside la se\u00f1ora &nbsp;Marie-Andr\u00e9e Amy, llevado a cabo el viernes 29 de enero en Puerto Pr\u00edncipe, bajo los auspicios &nbsp;del Ministerio de Relaciones Exteriores y Cultos de Hait\u00ed.<\/p>\n\n\n\n<p>La migraci\u00f3n y el comercio son dos temas primordiales en las relaciones haitiano-dominicanas, record\u00f3 el canciller Claude Joseph en su discurso, y agreg\u00f3 que son dos temas que m\u00e1s marcan las disparidades entre los dos pa\u00edses. Sin embargo, m\u00e1s precisamente, record\u00f3 que los temas prioritarios para Hait\u00ed en la actual agenda bilateral son: \u00abla regularizaci\u00f3n del estatus de estudiantes y trabajadores haitianos, la garant\u00eda y protecci\u00f3n de la integridad de nuestros respectivos territorios, la cooperaci\u00f3n en salud, el desarrollo fronterizo y el reequilibrio comercial, incluido un mayor acceso de los productos haitianos al mercado dominicano \u00ab.<\/p>\n\n\n\n<p>El ministro tambi\u00e9n aprovech\u00f3 la oportunidad para se\u00f1alar que \u00ablas relaciones entre la Rep\u00fablica de Hait\u00ed y la Rep\u00fablica Dominicana siguen estando en la vanguardia de las prioridades de la pol\u00edtica exterior de Hait\u00ed.<\/p>\n\n\n\n<p>Expres\u00f3 que&nbsp; el presidente de Hait\u00ed Jovenel Moise, est\u00e1 muy consciente de la importancia de las relaciones con Rep\u00fablica Dominicana . \u201cPor eso, al confiarme las reinas de la diplomacia haitiana, una de las principales tareas que me asign\u00f3 es trabajar para dar una nueva din\u00e1mica a estas relaciones, para armonizarlas y orientarlas en la direcci\u00f3n de los intereses superiores de la naci\u00f3n haitiana y el bienestar de ambos pueblos\u201d.<\/p>\n\n\n\n<p>Manifest\u00f3 sentirse optimista en cuanto a que las relaciones bilaterales se funden sobre una base de valores compartidos que privilegien el equilibrio y la reciprocidad.<\/p>\n\n\n\n<p>El &nbsp;canciller concluy\u00f3 su participaci\u00f3n en el evento declarando que: \u00abEl imperativo de la defensa de los intereses nacionales va de la mano con la necesidad de desarrollo y mantenimiento de relaciones amistosas y armoniosas a todos los niveles, entre Hait\u00ed y Rep\u00fablica Dominicana. El di\u00e1logo franco, abierto y sincero entre los l\u00edderes de los dos Estados Jovenel Moise (Hait\u00ed) y Luis Abinader (RD) , el entendimiento y respeto mutuos, la b\u00fasqueda conjunta de soluciones a los malentendidos que pueden surgir en cualquier momento son fundamentales para abordar y superar los problemas comunes\u201d.<\/p>\n","protected":false},"excerpt":{"rendered":"<p>PUERTO PR\u00cdNCIPE, Hait\u00ed.- El Ministro de Relaciones Exteriores y Cultos de Hait\u00ed, doctor Claude Joseph, afirm\u00f3 que la migraci\u00f3n y el comercio son temas prioritarios en las relaciones con la&hellip; <\/p>\n","protected":false},"author":2,"featured_media":3676,"comment_status":"open","ping_status":"open","sticky":false,"template":"","format":"standard","meta":{"fifu_image_url":"","fifu_image_alt":"","footnotes":""},"categories":[74],"tags":[],"class_list":["post-3675","post","type-post","status-publish","format-standard","has-post-thumbnail","hentry","category-comercio-internacional"],"_links":{"self":[{"href":"https:\/\/elmundodelosnegocios.com.do\/v1\/wp-json\/wp\/v2\/posts\/3675","targetHints":{"allow":["GET"]}}],"collection":[{"href":"https:\/\/elmundodelosnegocios.com.do\/v1\/wp-json\/wp\/v2\/posts"}],"about":[{"href":"https:\/\/elmundodelosnegocios.com.do\/v1\/wp-json\/wp\/v2\/types\/post"}],"author":[{"embeddable":true,"href":"https:\/\/elmundodelosnegocios.com.do\/v1\/wp-json\/wp\/v2\/users\/2"}],"replies":[{"embeddable":true,"href":"https:\/\/elmundodelosnegocios.com.do\/v1\/wp-json\/wp\/v2\/comments?post=3675"}],"version-history":[{"count":0,"href":"https:\/\/elmundodelosnegocios.com.do\/v1\/wp-json\/wp\/v2\/posts\/3675\/revisions"}],"wp:featuredmedia":[{"embeddable":true,"href":"https:\/\/elmundodelosnegocios.com.do\/v1\/wp-json\/wp\/v2\/media\/3676"}],"wp:attachment":[{"href":"https:\/\/elmundodelosnegocios.com.do\/v1\/wp-json\/wp\/v2\/media?parent=3675"}],"wp:term":[{"taxonomy":"category","embeddable":true,"href":"https:\/\/elmundodelosnegocios.com.do\/v1\/wp-json\/wp\/v2\/categories?post=3675"},{"taxonomy":"post_tag","embeddable":true,"href":"https:\/\/elmundodelosnegocios.com.do\/v1\/wp-json\/wp\/v2\/tags?post=3675"}],"curies":[{"name":"wp","href":"https:\/\/api.w.org\/{rel}","templated":true}]}}