{"id":3718,"date":"2021-02-02T19:49:59","date_gmt":"2021-02-03T00:19:59","guid":{"rendered":"http:\/\/elmundodelosnegocios.com.do\/v1\/?p=3718"},"modified":"2021-02-02T19:50:08","modified_gmt":"2021-02-03T00:20:08","slug":"america-latina-y-el-caribe-asumen-la-economia-circular","status":"publish","type":"post","link":"https:\/\/elmundodelosnegocios.com.do\/v1\/america-latina-y-el-caribe-asumen-la-economia-circular\/","title":{"rendered":"Am\u00e9rica Latina y el Caribe asumen la econom\u00eda circular"},"content":{"rendered":"\n<p>La econom\u00eda circular se basa en la f\u00f3rmula 3R: reducir, reciclar y reutilizar, para disminuir el consumo de materiales v\u00edrgenes que conlleva una sobreexplotaci\u00f3n de la naturaleza, y la generaci\u00f3n de los residuos que no puedan ser aprovechables y generan contaminaci\u00f3n.<\/p>\n\n\n\n<p><strong>BRIDGETOWN, 2 feb 2021 (IPS)&nbsp;<\/strong>&#8211; La regi\u00f3n de Am\u00e9rica Latina y el Caribe lanz\u00f3 este martes 2 la iniciativa Coalici\u00f3n de Econom\u00eda Circular, para transitar hacia un sistema econ\u00f3mico sostenible como parte de la recuperaci\u00f3n postcovid-19, al cerrar en esta capital de Barbados la XXII reuni\u00f3n anual de su Foro de Ministros de Medio Ambiente.<\/p>\n\n\n\n<p>Carlos Correa, ministro de Ambiente y Desarrollo Sostenible de Colombia y presidente de la naciente coalici\u00f3n, dijo que \u201ces urgente construir una visi\u00f3n regional com\u00fan sobre la econom\u00eda circular\u201d, y la nueva iniciativa \u201cayudar\u00e1 a implementar pr\u00e1cticas concretas y medibles\u201d para dar soporte al nuevo modelo.<\/p>\n\n\n\n<p>\u201cEl planeta ya no puede soportar nuestra manera de extraer, usar y desperdiciar recursos\u201d, sentenci\u00f3 Correa.<\/p>\n\n\n\n<p>La iniciativa, coordinada por el&nbsp;<a href=\"https:\/\/www.unenvironment.org\/\">Programa de las Naciones Unidas para el Medio Ambiente<\/a>&nbsp;(Pnuma), tendr\u00e1 un comit\u00e9 directivo compuesto por cuatro representantes gubernamentales de alto nivel que se renovar\u00e1n cada dos a\u00f1os, comenzando por Colombia, Costa Rica, Per\u00fa y Rep\u00fablica Dominicana para el per\u00edodo 2021-2022.<\/p>\n\n\n\n<p>La econom\u00eda circular propone un modelo econ\u00f3mico resiliente, diverso e inclusivo, que crea oportunidades para un crecimiento sostenible, contrario a la mentalidad de \u201ctomar, fabricar y desechar\u201d, coincidieron en destacar los participantes en esta edici\u00f3n del Foro, desarrollada de manera virtual..<\/p>\n\n\n\n<p>Su estrategia tiene como objetivo reducir tanto la entrada de los materiales v\u00edrgenes como la producci\u00f3n de desechos, cerrando los \u00abbucles\u00bb o flujos econ\u00f3micos y ecol\u00f3gicos de los recursos, y su propuesta b\u00e1sica se condensa en \u201c3R\u201d: reducir, reciclar, reutilizar.<\/p>\n\n\n\n<p>M\u00e1s all\u00e1 de la producci\u00f3n y el consumo de bienes y servicios, abarca el cambio de los combustibles de f\u00f3siles al uso de la energ\u00eda renovable, y la diversificaci\u00f3n como medio de alcanzar la resiliencia.<\/p>\n\n\n\n<p>La pandemia ofrece a los pa\u00edses la oportunidad de elaborar planes de recuperaci\u00f3n que reviertan las tendencias actuales y cambien patrones de consumo y producci\u00f3n hacia un futuro m\u00e1s sostenible, coincidieron los participantes en el Foro.<\/p>\n\n\n\n<p>Por ejemplo, 3n la regi\u00f3n 50 por ciento de los residuos s\u00f3lidos son materia org\u00e1nica, de la que 90 por ciento no se usa o va a la basura. Seg\u00fan la Comisi\u00f3n Econ\u00f3mica para Am\u00e9rica Latina y el Caribe, mejorar la eficiencia y la vida \u00fatil de materiales en esta parte del mundo podr\u00eda crear cinco millones de nuevos empleos.<\/p>\n\n\n\n<p>Agencias de Naciones Unidas recuerdan que, cada a\u00f1o, un tercio de toda la comida producida en el mundo (unos 1300 millones de toneladas con un valor cercano al bill\u00f3n de d\u00f3lares) acaba pudri\u00e9ndose en los cubos de basura o estrope\u00e1ndose debido a un transporte y unas pr\u00e1cticas de recolecci\u00f3n deficientes.<\/p>\n\n\n\n<p>Si todo el mundo cambiase sus bombillas por unas energ\u00e9ticamente eficientes, se ahorrar\u00edan 120 000 millones de d\u00f3lares al a\u00f1o.<\/p>\n\n\n\n<p>En caso de que la poblaci\u00f3n mundial alcance los 9600 millones de personas en 2050, se podr\u00eda necesitar el equivalente a casi tres planetas para proporcionar los recursos naturales necesarios para mantener los estilos de vida actuales.<\/p>\n\n\n\n<p>\u201cEs tiempo de reconocer que los patrones de producci\u00f3n y consumo son la causa fundamental de la triple crisis planetaria del cambio clim\u00e1tico, la p\u00e9rdida de biodiversidad y la contaminaci\u00f3n\u201d, expres\u00f3 Leo Heileman, director regional del Pnuma en Am\u00e9rica Latina y el Caribe.<\/p>\n\n\n\n<p>Ante la crisis generada por la covid, Heileman dijo a los ministros en el Foro que \u201caprovechemos esta oportunidad \u00fanica para repensar nuestra econom\u00eda lineal y reconfigurar esos patrones insostenibles\u201d.<\/p>\n\n\n\n<p>La novel coalici\u00f3n tiene como objetivo implementar un enfoque de econom\u00eda circular mediante el trabajo colaborativo entre gobiernos, empresas \u2013con particular atenci\u00f3n al financiamiento de las peque\u00f1as y medianas- y la sociedad en su conjunto.<\/p>\n\n\n\n<p>Los ministros la inscribieron dentro de la Agenda 2030 de las Naciones Unidas y sus objetivos de Desarrollo Sostenible (ODS).<\/p>\n\n\n\n<p>Heileman destac\u00f3 \u201cel \u00e9nfasis en el ODS 12, de Producci\u00f3n y Consumo Responsables, a trav\u00e9s de la promoci\u00f3n de la innovaci\u00f3n, la infraestructura sostenible y una econom\u00eda inclusiva y circular\u201d.<\/p>\n\n\n\n<p>La coalici\u00f3n ya se dot\u00f3 de ocho socios estrat\u00e9gicos permanentes, comenzando con la fundaci\u00f3n brit\u00e1nica Ellen MacArthur, la alemana Konrad Adenauer, la Plataforma para Acelerar la Econom\u00eda Circular, el Banco Interamericano de Desarrollo y el Foro Econ\u00f3mico Mundial.<\/p>\n\n\n\n<p>Tambi\u00e9n, con la Organizaci\u00f3n de las Naciones Unidas para el Desarrollo Industrial, el Pnuma y la Convenci\u00f3n Marco de la ONU sobre el Cambio Clim\u00e1tico.<\/p>\n","protected":false},"excerpt":{"rendered":"<p>La econom\u00eda circular se basa en la f\u00f3rmula 3R: reducir, reciclar y reutilizar, para disminuir el consumo de materiales v\u00edrgenes que conlleva una sobreexplotaci\u00f3n de la naturaleza, y la generaci\u00f3n&hellip; <\/p>\n","protected":false},"author":2,"featured_media":3719,"comment_status":"open","ping_status":"open","sticky":false,"template":"","format":"standard","meta":{"fifu_image_url":"","fifu_image_alt":"","footnotes":""},"categories":[62],"tags":[],"class_list":["post-3718","post","type-post","status-publish","format-standard","has-post-thumbnail","hentry","category-economia"],"_links":{"self":[{"href":"https:\/\/elmundodelosnegocios.com.do\/v1\/wp-json\/wp\/v2\/posts\/3718","targetHints":{"allow":["GET"]}}],"collection":[{"href":"https:\/\/elmundodelosnegocios.com.do\/v1\/wp-json\/wp\/v2\/posts"}],"about":[{"href":"https:\/\/elmundodelosnegocios.com.do\/v1\/wp-json\/wp\/v2\/types\/post"}],"author":[{"embeddable":true,"href":"https:\/\/elmundodelosnegocios.com.do\/v1\/wp-json\/wp\/v2\/users\/2"}],"replies":[{"embeddable":true,"href":"https:\/\/elmundodelosnegocios.com.do\/v1\/wp-json\/wp\/v2\/comments?post=3718"}],"version-history":[{"count":0,"href":"https:\/\/elmundodelosnegocios.com.do\/v1\/wp-json\/wp\/v2\/posts\/3718\/revisions"}],"wp:featuredmedia":[{"embeddable":true,"href":"https:\/\/elmundodelosnegocios.com.do\/v1\/wp-json\/wp\/v2\/media\/3719"}],"wp:attachment":[{"href":"https:\/\/elmundodelosnegocios.com.do\/v1\/wp-json\/wp\/v2\/media?parent=3718"}],"wp:term":[{"taxonomy":"category","embeddable":true,"href":"https:\/\/elmundodelosnegocios.com.do\/v1\/wp-json\/wp\/v2\/categories?post=3718"},{"taxonomy":"post_tag","embeddable":true,"href":"https:\/\/elmundodelosnegocios.com.do\/v1\/wp-json\/wp\/v2\/tags?post=3718"}],"curies":[{"name":"wp","href":"https:\/\/api.w.org\/{rel}","templated":true}]}}