{"id":3793,"date":"2021-02-05T15:11:20","date_gmt":"2021-02-05T19:41:20","guid":{"rendered":"http:\/\/elmundodelosnegocios.com.do\/v1\/?p=3793"},"modified":"2021-02-05T15:11:23","modified_gmt":"2021-02-05T19:41:23","slug":"lanza-referencia-programa-agenda-por-la-vida-2021","status":"publish","type":"post","link":"https:\/\/elmundodelosnegocios.com.do\/v1\/lanza-referencia-programa-agenda-por-la-vida-2021\/","title":{"rendered":"Lanza Referencia programa \u201cAgenda por la Vida 2021\u201d"},"content":{"rendered":"\n<p>Santo Domingo, RD.- Referencia Laboratorio Cl\u00ednico realiz\u00f3 el acto virtual de la decimotercera edici\u00f3n de su programa \u201cAgenda por la Vida\u201d y \u00a0present\u00f3 las doce entidades sin fines de lucro seleccionadas para la entrega de aportes econ\u00f3micos, que este a\u00f1o ser\u00e1n 156 instituciones las beneficiadas de este proyecto.<\/p>\n\n\n\n<p><br>La actividad fue realizada de manera virtual, estuvo presidida por Cynthia Le\u00f3n, directora administrativa de Referencia Laboratorio Cl\u00ednico; Priscilla Kelly Le\u00f3n, directora m\u00e9dica y otros ejecutivos, y fue seguida por colaboradores, representantes de las instituciones favorecidas y de medios de comunicaci\u00f3n.<\/p>\n\n\n\n<p><br>La doctora Priscilla Kelly, agradeci\u00f3 la presencia de los representantes de las organizaciones y resalt\u00f3 la extraordinaria labor que estas llevan a cabo en favor de ni\u00f1os, ancianos y otras personas de escasos recursos en nuestro pa\u00eds.<\/p>\n\n\n\n<p><br>Explic\u00f3 que \u201cReferencia Laboratorio Cl\u00ednico se siente comprometido con estas causas que de una manera u otra nos hacen grandes como naci\u00f3n\u201d.<br>Por su parte, Cynthia Le\u00f3n, reafirm\u00f3 el compromiso social de esa empresa con personas en condiciones de vulnerabilidad, cuyo sost\u00e9n muchas veces recae en las organizaciones sin fines de lucro.<\/p>\n\n\n\n<p><br>Le\u00f3n destac\u00f3 que, en estos momentos de limitaciones se requiere de mucha valent\u00eda para enfrentar las grandes responsabilidades, y es que \u201cpor este motivo renovamos con mayor firmeza a Agenda por la Vida, y recordamos la din\u00e1mica de este programa que entrega cada mes a una de las instituciones seleccionadas, el aporte proveniente de la empresa y de nuestros pacientes en las alcanc\u00edas colocadas en los centros de servicios a nivel nacional\u201d.<\/p>\n\n\n\n<p><br>Durante el evento, en apoyo a la situaci\u00f3n actual que presentan las entidades, se ofreci\u00f3 a los invitados una charla virtual sobre resiliencia organizacional ante las nuevas realidades, impartida por el conferencista y estratega, Carlos Yun\u00e9n, con el prop\u00f3sito de contribuir en el desarrollo estrat\u00e9gico de las entidades ante los nuevos tiempos.<\/p>\n\n\n\n<p><br>Este a\u00f1o de grandes expectativas, la agenda tiene un enfoque motivacional, que invita a sus usuarios a empezar de nuevo, con esperanza y actitud positiva hacia los nuevos retos y oportunidades, e igual que en ocasiones anteriores, las agendas fueron distribuidas entre m\u00e9dicos, empresas relacionadas y profesionales del sector salud.<\/p>\n\n\n\n<p><br><strong>Sobre las 12 entidades beneficiadas<\/strong><\/p>\n\n\n\n<p><br>Este mes de enero fue seleccionada la Fundaci\u00f3n Pasitos de Alegr\u00eda, de Santo Domingo; en febrero la Unidad de Ni\u00f1os Quemados Dra. Thelma Rosario, de Santiago; y en marzo ser\u00e1 beneficiado el Hogar de Ancianos Divina Providencia, de Hig\u00fcey.<\/p>\n\n\n\n<p><br>La Fundaci\u00f3n Autismo sin fronteras, de B\u00e1varo, recibir\u00e1 la contribuci\u00f3n econ\u00f3mica en el mes de abril; el Hogar Teresa Toda, de Azua; el Hogar de Ancianos Club de Leones Inmaculada Concepci\u00f3n, de Cotu\u00ed; y el Hogar de Paso CONANI, de Jarabacoa, recibir\u00e1n los aportes en los meses de mayo, junio y julio, respectivamente.<\/p>\n\n\n\n<p><br>Asimismo, el Hogar de Ancianos Mar\u00eda Trinidad S\u00e1nchez, de Nagua, en agosto; Hogar de Ancianos Padre Abreu, de La Romana, en septiembre; la Fundaci\u00f3n del C\u00e1ncer Ana Belkis, de San Pedro de Macor\u00eds, en octubre; la Fundaci\u00f3n Aprendiendo a Vivir, de Santo Domingo, en noviembre; y el Dispensario Parroquial Santo Domingo Savio &#8211; Los Guandules, de Santo Domingo, en diciembre.<\/p>\n\n\n\n<p><br><strong>Sobre Referencia Laboratorio Cl\u00ednico<\/strong><\/p>\n\n\n\n<p><br>Referencia Laboratorio Cl\u00ednico es una empresa establecida en el 1983, al servicio de la salud y comprometido con la calidad.<br>Cuenta con un estricto sistema de control de calidad en sus diferentes departamentos t\u00e9cnicos, formalmente acreditado por el Colegio Americano de Pat\u00f3logos (CAP), en los Estados Unidos, y con certificaci\u00f3n ISO 9001, ISO 15189 en diferentes \u00e1reas.<\/p>\n","protected":false},"excerpt":{"rendered":"<p>Santo Domingo, RD.- Referencia Laboratorio Cl\u00ednico realiz\u00f3 el acto virtual de la decimotercera edici\u00f3n de su programa \u201cAgenda por la Vida\u201d y \u00a0present\u00f3 las doce entidades sin fines de lucro&hellip; <\/p>\n","protected":false},"author":2,"featured_media":3794,"comment_status":"open","ping_status":"open","sticky":false,"template":"","format":"standard","meta":{"fifu_image_url":"","fifu_image_alt":"","footnotes":""},"categories":[78],"tags":[],"class_list":["post-3793","post","type-post","status-publish","format-standard","has-post-thumbnail","hentry","category-con-responsabilidad"],"_links":{"self":[{"href":"https:\/\/elmundodelosnegocios.com.do\/v1\/wp-json\/wp\/v2\/posts\/3793","targetHints":{"allow":["GET"]}}],"collection":[{"href":"https:\/\/elmundodelosnegocios.com.do\/v1\/wp-json\/wp\/v2\/posts"}],"about":[{"href":"https:\/\/elmundodelosnegocios.com.do\/v1\/wp-json\/wp\/v2\/types\/post"}],"author":[{"embeddable":true,"href":"https:\/\/elmundodelosnegocios.com.do\/v1\/wp-json\/wp\/v2\/users\/2"}],"replies":[{"embeddable":true,"href":"https:\/\/elmundodelosnegocios.com.do\/v1\/wp-json\/wp\/v2\/comments?post=3793"}],"version-history":[{"count":0,"href":"https:\/\/elmundodelosnegocios.com.do\/v1\/wp-json\/wp\/v2\/posts\/3793\/revisions"}],"wp:featuredmedia":[{"embeddable":true,"href":"https:\/\/elmundodelosnegocios.com.do\/v1\/wp-json\/wp\/v2\/media\/3794"}],"wp:attachment":[{"href":"https:\/\/elmundodelosnegocios.com.do\/v1\/wp-json\/wp\/v2\/media?parent=3793"}],"wp:term":[{"taxonomy":"category","embeddable":true,"href":"https:\/\/elmundodelosnegocios.com.do\/v1\/wp-json\/wp\/v2\/categories?post=3793"},{"taxonomy":"post_tag","embeddable":true,"href":"https:\/\/elmundodelosnegocios.com.do\/v1\/wp-json\/wp\/v2\/tags?post=3793"}],"curies":[{"name":"wp","href":"https:\/\/api.w.org\/{rel}","templated":true}]}}