{"id":3818,"date":"2021-02-05T15:29:58","date_gmt":"2021-02-05T19:59:58","guid":{"rendered":"http:\/\/elmundodelosnegocios.com.do\/v1\/?p=3818"},"modified":"2021-02-05T15:30:00","modified_gmt":"2021-02-05T20:00:00","slug":"desarrollan-segunda-jornada-reforestacion-roblillo","status":"publish","type":"post","link":"https:\/\/elmundodelosnegocios.com.do\/v1\/desarrollan-segunda-jornada-reforestacion-roblillo\/","title":{"rendered":"Desarrollan segunda Jornada Reforestaci\u00f3n  Roblillo"},"content":{"rendered":"\n<p><strong>SANTO DOMINGO<\/strong>. &#8211; Motivados por la contribuci\u00f3n y preservaci\u00f3n del medio ambiente, as\u00ed como de mejorar los espacios futuros a favor de las pr\u00f3ximas generaciones, Industrias San Miguel (ISM) realiz\u00f3 la segunda Jornada de Reforestaci\u00f3n de Roblillo en esta ocasi\u00f3n, en alianza con&nbsp;EcoRed y Jard\u00edn Bot\u00e1nico.<\/p>\n\n\n\n<p>Esta nueva jornada de reforestaci\u00f3n abarca la siembra de 220 plantas de Roblillo, una especie en peligro de extinci\u00f3n en la Rep\u00fablica Dominicana. La misma se llev\u00f3 a cabo a trav\u00e9s del proyecto Lista Roja, el cual ISM apadrina.<\/p>\n\n\n\n<p>La jornada que en su primera versi\u00f3n sembr\u00f3 100 Roblillos se llev\u00f3 a cabo en el municipio de Oviedo, Provincia Pedernales, lugar donde es su h\u00e1bitat natural. En ella participaron s\u00f3lo 10 personas para mantener las normas sanitarias establecidas.<\/p>\n\n\n\n<p>La alianza p\u00fablico privada de ISM con EcoRed y el Jard\u00edn Bot\u00e1nico busca contribuir a la conservaci\u00f3n de las especies de la flora dominicana en peligro de extinci\u00f3n a trav\u00e9s del proyecto la Lista Roja. Adem\u00e1s de la reforestaci\u00f3n, ISM ha realizado actividades de sensibilizaci\u00f3n para crear conciencia sobre la importancia de estas especies en el cuidado de la biodiversidad y el desarrollo sostenible.<\/p>\n\n\n\n<p>Dentro de la gran variedad que adorna los bosques y zonas arboladas de la Rep\u00fablica Dominicana se encuentra el Roblillo, un \u00e1rbol maderable, medicinal y ornamental cuyo estado de conservaci\u00f3n se encuentra en el rango de peligro cr\u00edtico.<\/p>\n\n\n\n<p>En la Jornada de Reforestaci\u00f3n de Robillo participaron ejecutivos de ISM como Nelson Ortiz, Coordinador de Comunicaciones, y Krismelis Ure\u00f1a, Coordinadora de Responsabilidad Social; Keisel Rivas, T\u00e9cnico de EcoRed, y Gianna Pol, Encargada de Conservaci\u00f3n del Jard\u00edn Bot\u00e1nico.<\/p>\n\n\n\n<p>La actividad hizo \u00e9nfasis en la importancia que tiene para el medioambiente y el ecosistema la preservaci\u00f3n de especies en extinci\u00f3n para tener un espacio saludable.<\/p>\n\n\n\n<figure class=\"wp-block-gallery columns-2 is-cropped wp-block-gallery-1 is-layout-flex wp-block-gallery-is-layout-flex\"><ul class=\"blocks-gallery-grid\"><li class=\"blocks-gallery-item\"><figure><img loading=\"lazy\" decoding=\"async\" width=\"1024\" height=\"683\" src=\"http:\/\/elmundodelosnegocios.com.do\/v1\/wp-content\/uploads\/2021\/02\/f-1024x683.jpg\" alt=\"\" data-id=\"3819\" data-full-url=\"http:\/\/elmundodelosnegocios.com.do\/v1\/wp-content\/uploads\/2021\/02\/f.jpg\" data-link=\"http:\/\/elmundodelosnegocios.com.do\/v1\/?attachment_id=3819\" class=\"wp-image-3819\" srcset=\"https:\/\/elmundodelosnegocios.com.do\/v1\/wp-content\/uploads\/2021\/02\/f-1024x683.jpg 1024w, https:\/\/elmundodelosnegocios.com.do\/v1\/wp-content\/uploads\/2021\/02\/f-300x200.jpg 300w, https:\/\/elmundodelosnegocios.com.do\/v1\/wp-content\/uploads\/2021\/02\/f-768x512.jpg 768w, https:\/\/elmundodelosnegocios.com.do\/v1\/wp-content\/uploads\/2021\/02\/f.jpg 1241w\" sizes=\"auto, (max-width: 1024px) 100vw, 1024px\" \/><\/figure><\/li><li class=\"blocks-gallery-item\"><figure><img loading=\"lazy\" decoding=\"async\" width=\"1024\" height=\"683\" src=\"http:\/\/elmundodelosnegocios.com.do\/v1\/wp-content\/uploads\/2021\/02\/1-7-1024x683.jpg\" alt=\"\" data-id=\"3820\" data-full-url=\"http:\/\/elmundodelosnegocios.com.do\/v1\/wp-content\/uploads\/2021\/02\/1-7.jpg\" data-link=\"http:\/\/elmundodelosnegocios.com.do\/v1\/?attachment_id=3820\" class=\"wp-image-3820\" srcset=\"https:\/\/elmundodelosnegocios.com.do\/v1\/wp-content\/uploads\/2021\/02\/1-7-1024x683.jpg 1024w, https:\/\/elmundodelosnegocios.com.do\/v1\/wp-content\/uploads\/2021\/02\/1-7-300x200.jpg 300w, https:\/\/elmundodelosnegocios.com.do\/v1\/wp-content\/uploads\/2021\/02\/1-7-768x512.jpg 768w, https:\/\/elmundodelosnegocios.com.do\/v1\/wp-content\/uploads\/2021\/02\/1-7.jpg 1241w\" sizes=\"auto, (max-width: 1024px) 100vw, 1024px\" \/><\/figure><\/li><\/ul><\/figure>\n","protected":false},"excerpt":{"rendered":"<p>SANTO DOMINGO. &#8211; Motivados por la contribuci\u00f3n y preservaci\u00f3n del medio ambiente, as\u00ed como de mejorar los espacios futuros a favor de las pr\u00f3ximas generaciones, Industrias San Miguel (ISM) realiz\u00f3&hellip; <\/p>\n","protected":false},"author":2,"featured_media":3819,"comment_status":"open","ping_status":"open","sticky":false,"template":"","format":"standard","meta":{"fifu_image_url":"","fifu_image_alt":"","footnotes":""},"categories":[78],"tags":[],"class_list":["post-3818","post","type-post","status-publish","format-standard","has-post-thumbnail","hentry","category-con-responsabilidad"],"_links":{"self":[{"href":"https:\/\/elmundodelosnegocios.com.do\/v1\/wp-json\/wp\/v2\/posts\/3818","targetHints":{"allow":["GET"]}}],"collection":[{"href":"https:\/\/elmundodelosnegocios.com.do\/v1\/wp-json\/wp\/v2\/posts"}],"about":[{"href":"https:\/\/elmundodelosnegocios.com.do\/v1\/wp-json\/wp\/v2\/types\/post"}],"author":[{"embeddable":true,"href":"https:\/\/elmundodelosnegocios.com.do\/v1\/wp-json\/wp\/v2\/users\/2"}],"replies":[{"embeddable":true,"href":"https:\/\/elmundodelosnegocios.com.do\/v1\/wp-json\/wp\/v2\/comments?post=3818"}],"version-history":[{"count":0,"href":"https:\/\/elmundodelosnegocios.com.do\/v1\/wp-json\/wp\/v2\/posts\/3818\/revisions"}],"wp:featuredmedia":[{"embeddable":true,"href":"https:\/\/elmundodelosnegocios.com.do\/v1\/wp-json\/wp\/v2\/media\/3819"}],"wp:attachment":[{"href":"https:\/\/elmundodelosnegocios.com.do\/v1\/wp-json\/wp\/v2\/media?parent=3818"}],"wp:term":[{"taxonomy":"category","embeddable":true,"href":"https:\/\/elmundodelosnegocios.com.do\/v1\/wp-json\/wp\/v2\/categories?post=3818"},{"taxonomy":"post_tag","embeddable":true,"href":"https:\/\/elmundodelosnegocios.com.do\/v1\/wp-json\/wp\/v2\/tags?post=3818"}],"curies":[{"name":"wp","href":"https:\/\/api.w.org\/{rel}","templated":true}]}}