{"id":3832,"date":"2021-02-05T15:38:57","date_gmt":"2021-02-05T20:08:57","guid":{"rendered":"http:\/\/elmundodelosnegocios.com.do\/v1\/?p=3832"},"modified":"2021-02-05T15:39:00","modified_gmt":"2021-02-05T20:09:00","slug":"infotep-y-cluster-samana-formaran-capital-humano-sector-hotelero-zona","status":"publish","type":"post","link":"https:\/\/elmundodelosnegocios.com.do\/v1\/infotep-y-cluster-samana-formaran-capital-humano-sector-hotelero-zona\/","title":{"rendered":"INFOTEP y Cl\u00faster Saman\u00e1 formar\u00e1n capital humano sector hotelero zona"},"content":{"rendered":"\n<p>Con el prop\u00f3sito de impulsar&nbsp;&nbsp;&nbsp;la productividad y competitividad del sector tur\u00edstico,&nbsp;el Instituto Nacional de Formaci\u00f3n T\u00e9cnico Profesional (INFOTEP) y el&nbsp; Cl\u00faster Tur\u00edstico de Saman\u00e1&nbsp;llevar\u00e1n a cabo&nbsp; un amplio programa de formaci\u00f3n y especializaci\u00f3n&nbsp; del capital humano en esa provincia y la regi\u00f3n, en sentido general.<\/p>\n\n\n\n<p>La ejecuci\u00f3n de este programa forma parte de un convenio firmado por ambas entidades, a trav\u00e9s del cual&nbsp;el Cl\u00faster, se compromete, adem\u00e1s, a promover entre sus miembros afiliados el pago oportuno y regular de los aportes establecidos en la Ley 116-80 sobre financiaci\u00f3n al INFOTEP.<\/p>\n\n\n\n<p>El director general del INFOTEP, Rafael Santos Bad\u00eda, indic\u00f3 que ambas instituciones arribaron a este acuerdo con miras a continuar fortaleciendo la calidad de los servicios de hospitalidad y, no obstante la presente situaci\u00f3n sanitaria que experimenta el mundo y nuestro pa\u00eds, seguir apuntalando el desarrollo de la provincia conforme a los lineamientos trazados por el presidente Luis Abinader.<\/p>\n\n\n\n<p>Explic\u00f3 que en una primera etapa se prev\u00e9 desarrollar un plan de capacitaci\u00f3n dirigido al personal administrativo, operacional, producci\u00f3n, comercial y de calidad en los servicios, de las empresas del sector tur\u00edstico de la provincia Saman\u00e1.<\/p>\n\n\n\n<p>De su lado, el presidente del Cl\u00faster Tur\u00edstico de Saman\u00e1, Jes\u00fas Dur\u00e1n, resalt\u00f3 la importancia de este acuerdo con el INFOTEP, ya que la formaci\u00f3n, seg\u00fan dijo, es uno de los pilares de esa entidad que agrupa a los propietarios de hoteles de esa paradis\u00edaca provincia.<\/p>\n\n\n\n<p>Dur\u00e1n dijo que el pa\u00eds debe estar preparado para la \u201cexplosi\u00f3n\u201d que surgir\u00e1 en el mundo a nivel tur\u00edstico luego que pasen los efectos m\u00e1s duros de la pandemia del Covid-19, por lo que capacitar al personal que tendr\u00e1 que responder a esa demanda es primordial en estos momentos.<\/p>\n\n\n\n<p>Mediante el nuevo acuerdo del INFOTEP y el Cl\u00faster Tur\u00edstico, el capital humano de esa zona ser\u00e1 formado en las \u00e1reas de&nbsp;&nbsp;tecnolog\u00eda; reposter\u00eda; panader\u00eda; idiomas (ingl\u00e9s y franc\u00e9s); protocolos de servicio y atenci\u00f3n al cliente frente al Covid-19, t\u00e9cnicas&nbsp;&nbsp;de paisajismo: jardiner\u00eda y embellecimiento ornamental, higiene y manipulaci\u00f3n de alimentos, camareros de bar y restaurante; camarista de piso y ama de llaves; electricidad y plomer\u00eda b\u00e1sica, construcci\u00f3n para alba\u00f1iles, mantenimiento de aire acondicionado y el\u00e9ctrico, terminaci\u00f3n de interiores, contabilidad, entre otros.<\/p>\n\n\n\n<p>El acuerdo fue firmado con la presencia del senador de la provincia Saman\u00e1, Pedro Catrain, el alcalde de Santa B\u00e1rbara, Nelson N\u00fa\u00f1ez, el alcalde de&nbsp; Las Terrenas Eduardo Esteban Polanco, el alcalde de El Lim\u00f3n, Fernando Mercado, el alcalde de Las Galeras Cecilio Garc\u00eda Javier y el alcalde distrital de Arroyo Barril, Luis Felipe Ferm\u00edn.<\/p>\n\n\n\n<p>Por el sector empresarial estuvieron el presidente de la&nbsp;Asociaci\u00f3n de Hoteles y Turismo de la Rep\u00fablica Dominicana (Asonahores), Rafael Blanco, y el vicepresidente de esa entidad y tambi\u00e9n miembro de la junta de directores del INFOTEP, Andr\u00e9s Marranzini.<\/p>\n\n\n\n<p><strong>Sobre el acuerdo<\/strong><\/p>\n\n\n\n<p>El acuerdo tendr\u00e1 una vigencia de dos a\u00f1os y abarcar\u00e1 la&nbsp;identificaci\u00f3n y desarrollo de programas de formaci\u00f3n en base a las necesidades de capacitaci\u00f3n t\u00e9cnico profesional de los colaboradores de las instituciones vinculadas al Cl\u00faster,&nbsp;as\u00ed como, el intercambio de buenas pr\u00e1cticas y metodolog\u00eda, estudios, encuestas y material, a los fines de identificar las \u00e1reas de trabajo conjunto.<\/p>\n\n\n\n<p>Adicionalmente, ambas instituciones contemplan propiciar pasant\u00edas e inserci\u00f3n laboral a los egresados de las carreras t\u00e9cnicas referidos por el INFOTEP.<\/p>\n\n\n\n<p>El INFOTEP se compromete a&nbsp;dise\u00f1ar y facilitar las capacitaciones seg\u00fan las necesidades del Cl\u00faster,&nbsp;as\u00ed como a&nbsp;supervisar la ejecuci\u00f3n del plan de capacitaci\u00f3n, asesor\u00eda y asistencia t\u00e9cnica acordada.<\/p>\n\n\n\n<p>De igual manera&nbsp;proveer\u00e1 los servicios de capacitaci\u00f3n en las diferentes modalidades de imparticiones (virtuales, presenciales o ambas), a los candidatos previamente seleccionados, acorde a la planificaci\u00f3n anual y presupuesto disponible y conforme a las normas y procedimientos establecidos por el INFOTEP.<\/p>\n\n\n\n<p>De su lado, el Cl\u00faster, se compromete a facilitar las aulas y cubrir los materiales para desarrollar las actividades de capacitaci\u00f3n convenidas en beneficio del personal de las empresas asociadas.<\/p>\n\n\n\n<p>Las capacitaciones se desarrollar\u00e1n en los espacios reconocidos por el Cl\u00faster y los disponibles en los hoteles, acorde a lineamientos y normativas del INFOTEP.<\/p>\n\n\n\n<p>Durante el per\u00edodo 2018-2020, el INFOTEP, a trav\u00e9s del Cl\u00faster, capacit\u00f3 a m\u00e1s de 1,300 colaboradores de las empresas beneficiarias, en las \u00e1reas de Idiomas (ingl\u00e9s y franc\u00e9s) servicio y atenci\u00f3n al cliente; t\u00e9cnicas para recepci\u00f3n de hotel; t\u00e9cnicas para camarero de bar y restaurante; t\u00e9cnicas para cocina b\u00e1sica; herramientas tecnol\u00f3gicas; emprendimiento e innovaci\u00f3n en el turismo, buenas pr\u00e1cticas de manufactura y manipulaci\u00f3n de los alimentos y contabilidad y finanzas b\u00e1sicas.<\/p>\n\n\n\n<p>Actualmente, el INFOTEP cuenta con una amplia oferta formativa orientada al sector turismo y al fortalecimiento de las \u00e1reas administrativas y t\u00e9cnicas de los colaboradores del sector, encaminado a los planes del presidente Luis Abinader de impulsar el turismo, es uno de los pilares de la econom\u00eda dominicana.<\/p>\n","protected":false},"excerpt":{"rendered":"<p>Con el prop\u00f3sito de impulsar&nbsp;&nbsp;&nbsp;la productividad y competitividad del sector tur\u00edstico,&nbsp;el Instituto Nacional de Formaci\u00f3n T\u00e9cnico Profesional (INFOTEP) y el&nbsp; Cl\u00faster Tur\u00edstico de Saman\u00e1&nbsp;llevar\u00e1n a cabo&nbsp; un amplio programa de&hellip; <\/p>\n","protected":false},"author":2,"featured_media":3833,"comment_status":"open","ping_status":"open","sticky":false,"template":"","format":"standard","meta":{"fifu_image_url":"","fifu_image_alt":"","footnotes":""},"categories":[151],"tags":[],"class_list":["post-3832","post","type-post","status-publish","format-standard","has-post-thumbnail","hentry","category-gerencia"],"_links":{"self":[{"href":"https:\/\/elmundodelosnegocios.com.do\/v1\/wp-json\/wp\/v2\/posts\/3832","targetHints":{"allow":["GET"]}}],"collection":[{"href":"https:\/\/elmundodelosnegocios.com.do\/v1\/wp-json\/wp\/v2\/posts"}],"about":[{"href":"https:\/\/elmundodelosnegocios.com.do\/v1\/wp-json\/wp\/v2\/types\/post"}],"author":[{"embeddable":true,"href":"https:\/\/elmundodelosnegocios.com.do\/v1\/wp-json\/wp\/v2\/users\/2"}],"replies":[{"embeddable":true,"href":"https:\/\/elmundodelosnegocios.com.do\/v1\/wp-json\/wp\/v2\/comments?post=3832"}],"version-history":[{"count":0,"href":"https:\/\/elmundodelosnegocios.com.do\/v1\/wp-json\/wp\/v2\/posts\/3832\/revisions"}],"wp:featuredmedia":[{"embeddable":true,"href":"https:\/\/elmundodelosnegocios.com.do\/v1\/wp-json\/wp\/v2\/media\/3833"}],"wp:attachment":[{"href":"https:\/\/elmundodelosnegocios.com.do\/v1\/wp-json\/wp\/v2\/media?parent=3832"}],"wp:term":[{"taxonomy":"category","embeddable":true,"href":"https:\/\/elmundodelosnegocios.com.do\/v1\/wp-json\/wp\/v2\/categories?post=3832"},{"taxonomy":"post_tag","embeddable":true,"href":"https:\/\/elmundodelosnegocios.com.do\/v1\/wp-json\/wp\/v2\/tags?post=3832"}],"curies":[{"name":"wp","href":"https:\/\/api.w.org\/{rel}","templated":true}]}}