{"id":3841,"date":"2021-02-05T15:44:11","date_gmt":"2021-02-05T20:14:11","guid":{"rendered":"http:\/\/elmundodelosnegocios.com.do\/v1\/?p=3841"},"modified":"2021-02-05T15:44:15","modified_gmt":"2021-02-05T20:14:15","slug":"instruye-presidente-abinader-organizar-en-cooperativas-productores-agropecuarios-colmados-y-salones-belleza","status":"publish","type":"post","link":"https:\/\/elmundodelosnegocios.com.do\/v1\/instruye-presidente-abinader-organizar-en-cooperativas-productores-agropecuarios-colmados-y-salones-belleza\/","title":{"rendered":"Instruye Presidente Abinader organizar en cooperativas productores agropecuarios, Colmados y Salones Belleza"},"content":{"rendered":"\n<p>Santo Domingo, R.D., Febrero 2021.- El presidente de la Rep\u00fablica, Luis Abinader, se reuni\u00f3 con el presidente administrador del Instituto de Desarrollo y Cr\u00e9dito Cooperativo, (IDECOOP) Franco de los Santos a fin de conocer el funcionamiento y alcance de la nueva Oficina virtual del IDECOOP, con la cual los servicios de la entidad se realizar\u00e1n de manera m\u00e1s \u00e1gil y eficiente.<\/p>\n\n\n\n<p>Al hacer la presentaci\u00f3n de la oficina virtual, el titular del IDECOOP dijo que en solo cuatro d\u00edas que lleva en funcionamiento, 134 grupos cooperativos ya est\u00e1n inscritos con miras a iniciar el proceso de formaci\u00f3n e incorporaci\u00f3n como cooperativas.<\/p>\n\n\n\n<p>\u00abNuestro Presidente demuestra cada vez m\u00e1s el inter\u00e9s por la recuperaci\u00f3n de este sector. Tenemos un&nbsp;mandatario&nbsp;que cree en el cooperativismo\u00bb, sostuvo de los Santos.<\/p>\n\n\n\n<p>En ese sentido el Presidente Luis Abinader instruy\u00f3 al IDECOOP a que inicie un proceso de levantamiento en los sectores agropecuarios, Colmaderos y salones de belleza para que sean organizador e incorporados en una entidad cooperativa, al considerar que es la \u00fanica forma de lograr que sobrevivan en el tiempo.<\/p>\n\n\n\n<p>El mandatario afirm\u00f3 ser un firme creyente en las cooperativas y la econom\u00eda asociativa, por lo que dijo estar en la mejor disposici\u00f3n de apoyar este importante sector del pa\u00eds.<\/p>\n\n\n\n<p>\u00abSoy un firme creyente en las cooperativas, cuenten con todo mi apoyo en ese sentido. Quiero hacer de este pa\u00eds, uno lleno de cooperativas\u00bb, manifest\u00f3 el mandatario.<\/p>\n\n\n\n<p>El presidente Luis Abinader aprovech\u00f3 la ocasi\u00f3n para inscribirse como socio activo de la cooperativa de Empleados del Palacio Nacional (COOPAN).<\/p>\n\n\n\n<p>En el encuentro tambi\u00e9n estuvieron presentes Julito Fulcar, diputado y expresidente de CONACOOP; Jorge Eligio M\u00e9ndez, presidente de CONACOOP; Lissette Jim\u00e9nez, subdirectora general de IDECOOP; Pablo Portes, asesor del Poder Ejecutivo en materia financiera,&nbsp;representantes del sector cooperativo Nacional, una delegaci\u00f3n de funcionarios del Idecoop y el asesor del poder Ejecutivo en Materia de Cooperativismo, Miguel Polanco Wesin.<\/p>\n","protected":false},"excerpt":{"rendered":"<p>Santo Domingo, R.D., Febrero 2021.- El presidente de la Rep\u00fablica, Luis Abinader, se reuni\u00f3 con el presidente administrador del Instituto de Desarrollo y Cr\u00e9dito Cooperativo, (IDECOOP) Franco de los Santos&hellip; <\/p>\n","protected":false},"author":2,"featured_media":3842,"comment_status":"open","ping_status":"open","sticky":false,"template":"","format":"standard","meta":{"fifu_image_url":"","fifu_image_alt":"","footnotes":""},"categories":[94],"tags":[],"class_list":["post-3841","post","type-post","status-publish","format-standard","has-post-thumbnail","hentry","category-finanzas"],"_links":{"self":[{"href":"https:\/\/elmundodelosnegocios.com.do\/v1\/wp-json\/wp\/v2\/posts\/3841","targetHints":{"allow":["GET"]}}],"collection":[{"href":"https:\/\/elmundodelosnegocios.com.do\/v1\/wp-json\/wp\/v2\/posts"}],"about":[{"href":"https:\/\/elmundodelosnegocios.com.do\/v1\/wp-json\/wp\/v2\/types\/post"}],"author":[{"embeddable":true,"href":"https:\/\/elmundodelosnegocios.com.do\/v1\/wp-json\/wp\/v2\/users\/2"}],"replies":[{"embeddable":true,"href":"https:\/\/elmundodelosnegocios.com.do\/v1\/wp-json\/wp\/v2\/comments?post=3841"}],"version-history":[{"count":0,"href":"https:\/\/elmundodelosnegocios.com.do\/v1\/wp-json\/wp\/v2\/posts\/3841\/revisions"}],"wp:featuredmedia":[{"embeddable":true,"href":"https:\/\/elmundodelosnegocios.com.do\/v1\/wp-json\/wp\/v2\/media\/3842"}],"wp:attachment":[{"href":"https:\/\/elmundodelosnegocios.com.do\/v1\/wp-json\/wp\/v2\/media?parent=3841"}],"wp:term":[{"taxonomy":"category","embeddable":true,"href":"https:\/\/elmundodelosnegocios.com.do\/v1\/wp-json\/wp\/v2\/categories?post=3841"},{"taxonomy":"post_tag","embeddable":true,"href":"https:\/\/elmundodelosnegocios.com.do\/v1\/wp-json\/wp\/v2\/tags?post=3841"}],"curies":[{"name":"wp","href":"https:\/\/api.w.org\/{rel}","templated":true}]}}