{"id":403,"date":"2020-12-25T13:32:00","date_gmt":"2020-12-25T13:32:00","guid":{"rendered":"http:\/\/elmundodelosnegocios.com.do\/v1\/index.php\/2014\/06\/25\/tissage-reune-destacados-disenadores\/"},"modified":"2021-01-11T22:44:16","modified_gmt":"2021-01-11T22:44:16","slug":"tissage-reune-destacados-disenadores","status":"publish","type":"post","link":"https:\/\/elmundodelosnegocios.com.do\/v1\/tissage-reune-destacados-disenadores\/","title":{"rendered":"Arquitectura sustentable: desaf\u00edo de una mejor calidad de vida para Latinoam\u00e9rica"},"content":{"rendered":"\n<p>Una construcci\u00f3n energ\u00e9ticamente eficiente y en armon\u00eda con el medio ambiente es el desaf\u00edo de la nueva arquitectura. Pioneros como el austr\u00edaco Georg Reinberg promueven esta tendencia, tambi\u00e9n en Am\u00e9rica Latina.<\/p>\n\n\n\n<p>ientras en Europa cada vez m\u00e1s construcciones aprovechan la energ\u00eda solar, en Am\u00e9rica Latina, donde la irradiaci\u00f3n del sol es mucho mayor, a\u00fan hay mucho por hacer. Edificios que se autoabastecen de energ\u00eda o que incluso pueden vender el excedente de lo que producen, no son una ilusi\u00f3n. Bas\u00e1ndose en medidas como un buen aislamiento t\u00e9rmico, uso eficiente de la energ\u00eda y ventilaci\u00f3n controlada con recuperaci\u00f3n de calor se puede generar un gran cambio y tener una vida m\u00e1s saludable e incluso m\u00e1s econ\u00f3mica.<\/p>\n\n\n\n<p>Uno de los pioneros de esta tendencia es el austr\u00edaco Georg Reinberg. Con su \u201carquitectura solar\u201d promueve conceptos de sustentabilidad y respeto por el entorno y por el ser humano. Comenz\u00f3 a desarrollar estas ideas al titularse de arquitecto, a fines de los a\u00f1os 70. \u201cDesde que se inicia la segunda crisis del petr\u00f3leo a nivel mundial y que al interior del pa\u00eds se opta por el rechazo al uso de la energ\u00eda at\u00f3mica, las fuentes de energ\u00eda alternativa cobraron m\u00e1s y m\u00e1s importancia para el p\u00fablico y yo mismo me fui apasionando cada vez m\u00e1s con este tema\u201d, comenta.<\/p>\n\n\n\n<p>En Santiago de Chile, Reinberg \u2013cuyos proyectos han recibido numerosos premios- comparti\u00f3 estos conceptos con arquitectos y constructores en un seminario organizado por la C\u00e1mara Chileno-Alemana de Comercio. \u201cSu obra nos entrega nuevas herramientas y t\u00e9cnicas a aplicar y adaptar en Chile, pa\u00eds que cuenta con una sobresaliente irradiaci\u00f3n solar\u201c, indica la arquitecta alemana Maria Blender, radicada en Chile desde hace 14 a\u00f1os.<\/p>\n\n\n\n<p>Construir un futuro mejor<\/p>\n\n\n\n<p>Junto con su mujer, la arquitecta mexicana Marta Enr\u00edquez, Reinberg ha dado forma a numerosos proyectos. \u201cLo importante es que el edificio no desperdicie energ\u00eda y cuando se logra reducir la demanda, es m\u00e1s f\u00e1cil cubrirla con fuentes alternativas y renovables\u201d, explica Reinberg.<\/p>\n\n\n\n<p>Los beneficios son m\u00faltiples: \u201cLas paredes son menos fr\u00edas en invierno y en verano menos calientes, el aire al interior de la habitaci\u00f3n es siempre saludable\u201d, destaca el arquitecto. Adem\u00e1s, los gastos por consumo de energ\u00eda son m\u00e1s bajos o var\u00edan menos de acuerdo a las fluctuaciones del mercado. Incluso, \u201cen una casa autosuficiente, se puede ser completamente independiente de los mercados convencionales\u201d, indica.<\/p>\n\n\n\n<p>Reinberg es un convencido de que este tipo de construcci\u00f3n no s\u00f3lo mejora la calidad de vida de sus habitantes, sino que tambi\u00e9n disminuye la contaminaci\u00f3n y los costos ambientales y de salud. A la larga, resulta \u201cmucho m\u00e1s econ\u00f3mica que la forma convencional de construcci\u00f3n y adem\u00e1s es una contribuci\u00f3n importante para el futuro de nuestros hijos\u201d.<\/p>\n\n\n\n<p>Entorno propicio<\/p>\n\n\n\n<p>Tambi\u00e9n en Latinoam\u00e9rica, donde hay un entorno muy propicio. \u201cMuchos pa\u00edses latinoamericanos tienen mejores condiciones para enfrentar este reto, comparados con pa\u00edses como Alemania o Austria -indica Georg Reinberg-. All\u00ed tienen mayor cantidad de radiaci\u00f3n solar o cuentan con recursos tales como energ\u00eda geot\u00e9rmica\u201d.<\/p>\n\n\n\n<p>Adem\u00e1s, es posible mejorar construcciones ya existentes. \u201cEn edificios de mala calidad constructiva y alto consumo de energ\u00eda es m\u00e1s f\u00e1cil lograr con un peque\u00f1o esfuerzo una mejora sustancial. No se obtiene el mismo resultado si hablamos de edificios que ya cuentan con un m\u00ednimo aislante t\u00e9rmico, como es el caso de muchos edificios en Alemania\u201d, explica.<\/p>\n\n\n\n<p>Construir con fardos de paja<\/p>\n\n\n\n<p>\u201cEn Chile el primer objetivo es lograr m\u00e1s calidad de vida, ojal\u00e1 minimizando los impactos ambientales asociados\u201d, dice la arquitecta Maria Blender. \u201cUna gran parte de la poblaci\u00f3n vive en casas que en invierno no est\u00e1n bien calefaccionadas y en verano se sobrecalientan. A esto se suma una considerable contaminaci\u00f3n del aire interior, por el uso de la calefacci\u00f3n a llama abierta con le\u00f1a y parafina\u201d, agrega.<\/p>\n\n\n\n<p>Blender se ha hecho conocida por sus construcciones con fardos de paja. La arquitecta, quien tambi\u00e9n present\u00f3 su trabajo en el seminario de Georg Reinberg, asegura que \u201ccon un dise\u00f1o \u2018solar&#8217; aplicado a fardos de paja, se pueden construir casas que en invierno requieren muy poca calefacci\u00f3n y en verano se mantienen frescas\u201d.<\/p>\n\n\n\n<p>La mayor\u00eda se interesa por construir con este material renovable por el costo. \u201cLa gente cree que es muy barato, pero al final cuesta pr\u00e1cticamente lo mismo que una casa convencional. El precio depende mucho de las terminaciones y las instalaciones t\u00e9cnicas, no tanto del material de los muros exteriores\u201d, explica. Sin embargo, sus cualidades t\u00e9rmicas a la larga s\u00ed tienen un impacto en la econom\u00eda familiar.<\/p>\n\n\n\n<p>Proyectos como \u00e9stos, comienzan a generar un cambio en la forma de construir y habitar, m\u00e1s en armon\u00eda con el medio ambiente. Los arquitectos coinciden en que no s\u00f3lo se requiere aplicar nuevas t\u00e9cnicas y capacitar profesionales, tambi\u00e9n se necesitan cambios culturales y en los h\u00e1bitos de las personas.<\/p>\n","protected":false},"excerpt":{"rendered":"<p>Una construcci\u00f3n energ\u00e9ticamente eficiente y en armon\u00eda con el medio ambiente es el desaf\u00edo de la nueva arquitectura. Pioneros como el austr\u00edaco Georg Reinberg promueven esta tendencia, tambi\u00e9n en Am\u00e9rica&hellip; <\/p>\n","protected":false},"author":2,"featured_media":2995,"comment_status":"closed","ping_status":"closed","sticky":false,"template":"","format":"standard","meta":{"fifu_image_url":"","fifu_image_alt":"","footnotes":""},"categories":[92],"tags":[],"class_list":["post-403","post","type-post","status-publish","format-standard","has-post-thumbnail","hentry","category-diseno-decoracion"],"_links":{"self":[{"href":"https:\/\/elmundodelosnegocios.com.do\/v1\/wp-json\/wp\/v2\/posts\/403","targetHints":{"allow":["GET"]}}],"collection":[{"href":"https:\/\/elmundodelosnegocios.com.do\/v1\/wp-json\/wp\/v2\/posts"}],"about":[{"href":"https:\/\/elmundodelosnegocios.com.do\/v1\/wp-json\/wp\/v2\/types\/post"}],"author":[{"embeddable":true,"href":"https:\/\/elmundodelosnegocios.com.do\/v1\/wp-json\/wp\/v2\/users\/2"}],"replies":[{"embeddable":true,"href":"https:\/\/elmundodelosnegocios.com.do\/v1\/wp-json\/wp\/v2\/comments?post=403"}],"version-history":[{"count":0,"href":"https:\/\/elmundodelosnegocios.com.do\/v1\/wp-json\/wp\/v2\/posts\/403\/revisions"}],"wp:featuredmedia":[{"embeddable":true,"href":"https:\/\/elmundodelosnegocios.com.do\/v1\/wp-json\/wp\/v2\/media\/2995"}],"wp:attachment":[{"href":"https:\/\/elmundodelosnegocios.com.do\/v1\/wp-json\/wp\/v2\/media?parent=403"}],"wp:term":[{"taxonomy":"category","embeddable":true,"href":"https:\/\/elmundodelosnegocios.com.do\/v1\/wp-json\/wp\/v2\/categories?post=403"},{"taxonomy":"post_tag","embeddable":true,"href":"https:\/\/elmundodelosnegocios.com.do\/v1\/wp-json\/wp\/v2\/tags?post=403"}],"curies":[{"name":"wp","href":"https:\/\/api.w.org\/{rel}","templated":true}]}}