{"id":4128,"date":"2021-02-18T20:48:40","date_gmt":"2021-02-19T01:18:40","guid":{"rendered":"http:\/\/elmundodelosnegocios.com.do\/v1\/?p=4128"},"modified":"2021-02-18T20:48:43","modified_gmt":"2021-02-19T01:18:43","slug":"presidente-luis-abinader-da-primer-picazo-del-proyecto-mixto-distrito-piantini","status":"publish","type":"post","link":"https:\/\/elmundodelosnegocios.com.do\/v1\/presidente-luis-abinader-da-primer-picazo-del-proyecto-mixto-distrito-piantini\/","title":{"rendered":"Presidente Luis Abinader da primer picazo del proyecto mixto DISTRITO PIANTINI"},"content":{"rendered":"\n<p><strong>Santo Domingo, 18 de febrero de 2021.-<\/strong>&nbsp; El presidente Luis Abinader encabez\u00f3 el acto de primer picazo para la construcci\u00f3n de Distrito Piantini, un proyecto inmobiliario y comercial de uso mixto que combinar\u00e1 un espacio hotelero con \u00e1reas empresariales, de negocios, de entretenimiento y gastronom\u00eda.<\/p>\n\n\n\n<p>Con una inversi\u00f3n sobre los 55 millones de dolares, Distrito Piantini es un centro con dise\u00f1o diferente y&nbsp; novedoso que viene a complementar la oferta hotelera para el p\u00fablico y viajero citadino, enfoc\u00e1ndose en el sector de turismo de negocios.<\/p>\n\n\n\n<p>El dise\u00f1o de 24 niveles ocupar\u00e1 un \u00e1rea de 3,206.19 m\u00b2, integrando hotel, negocios, gastronom\u00eda y unidades con servicios para estad\u00edas de medio plazo. En el primer nivel albergar\u00e1&nbsp; los locales comerciales, el <em>lobby<\/em> del hotel, as\u00ed como los <em>lobbies<\/em> de oficina y de las suites. All\u00ed tambi\u00e9n estar\u00e1 el atrio gastron\u00f3mico, con espacios de descanso y recreaci\u00f3n. Contar\u00e1 con seis niveles soterrados en los que habr\u00e1 disponibilidad de 480 plazas de estacionamiento.<\/p>\n\n\n\n<p>Los promotores y directores del proyecto, Ernesto Mej\u00eda, Jos\u00e9 Manuel Santelises, Roberto Lamarche y Rafael Aybar, aseguraron que la nueva edificaci\u00f3n representa el concepto del dise\u00f1o para ciudades compactas, con estructuras que aprovechan y potencializan de manera sostenible sus espacios, facilitando la vida cotidiana de sus hu\u00e9spedes y habitantes. &nbsp;<\/p>\n\n\n\n<p>Durante su intervenci\u00f3n, Jos\u00e9 Manuel Santelises agradeci\u00f3 a las autoridades gubernamentales actuales por extender su mano amiga y enfocarse en brindar apoyo al sector privado, para que puedan llevar a cabo proyectos que contribuyan con la generaci\u00f3n de empleo y, por ende, con el beneficio de la&nbsp; econom\u00eda dominicana.<\/p>\n\n\n\n<p>Y agreg\u00f3:&nbsp; \u00abProponemos un proyecto enfocado en el turismo de negocios y aportar a la creaci\u00f3n de una ciudad sostenible, emprendedora y compacta, con la idea de vecindarios dise\u00f1ados para que sus habitantes no tuvieran que desplazarse muy lejos para realizar sus quehaceres diarios\u00bb.<\/p>\n\n\n\n<p>De igual manera, Ernesto Mej\u00eda, resalt\u00f3 la importancia que conllev\u00f3 para el grupo dise\u00f1ar un proyecto acorde a los lineamientos del Plan de Ordenamiento Territorial de la ciudad, como lo plantearan las autoridades correspondientes en su momento.&nbsp;<\/p>\n\n\n\n<p>\u00abFue una inspiraci\u00f3n importante para la concepci\u00f3n del proyecto. Conocimos y estudiamos el plan de ordenamiento territorial que se estaba desarrollando en la Alcald\u00eda del Distrito Nacional bajo la gesti\u00f3n del hoy ministro de Turismo,&nbsp; David Collado, y el equipo de profesionales que le acompa\u00f1aron\u00bb, se\u00f1al\u00f3.<\/p>\n\n\n\n<p>Mej\u00eda aprovech\u00f3 para destacar que dicha visi\u00f3n urban\u00edstica ha encontrado apoyo y continuidad en las nuevas autoridades municipales, lideradas por la alcaldesa Carolina Mej\u00eda.<\/p>\n\n\n\n<p>En el acto simb\u00f3lico estuvieron presentes, adem\u00e1s del presidente Abinader, David Collado, ministro de Turismo;&nbsp; Eduardo Sanz, director de Aduanas; Samuel Pereyra, administrador del Banco de Reservas; Carolina Mej\u00eda, alcaldesa del Distrito Nacional; Deligne Asenci\u00f3n, ministro de Obras P\u00fablicas&nbsp; y el embajador de Espa\u00f1a, Alejandro Abell\u00e1n Garc\u00eda.<\/p>\n","protected":false},"excerpt":{"rendered":"<p>Santo Domingo, 18 de febrero de 2021.-&nbsp; El presidente Luis Abinader encabez\u00f3 el acto de primer picazo para la construcci\u00f3n de Distrito Piantini, un proyecto inmobiliario y comercial de uso&hellip; <\/p>\n","protected":false},"author":2,"featured_media":4129,"comment_status":"open","ping_status":"open","sticky":false,"template":"","format":"standard","meta":{"fifu_image_url":"","fifu_image_alt":"","footnotes":""},"categories":[69],"tags":[],"class_list":["post-4128","post","type-post","status-publish","format-standard","has-post-thumbnail","hentry","category-construccion"],"_links":{"self":[{"href":"https:\/\/elmundodelosnegocios.com.do\/v1\/wp-json\/wp\/v2\/posts\/4128","targetHints":{"allow":["GET"]}}],"collection":[{"href":"https:\/\/elmundodelosnegocios.com.do\/v1\/wp-json\/wp\/v2\/posts"}],"about":[{"href":"https:\/\/elmundodelosnegocios.com.do\/v1\/wp-json\/wp\/v2\/types\/post"}],"author":[{"embeddable":true,"href":"https:\/\/elmundodelosnegocios.com.do\/v1\/wp-json\/wp\/v2\/users\/2"}],"replies":[{"embeddable":true,"href":"https:\/\/elmundodelosnegocios.com.do\/v1\/wp-json\/wp\/v2\/comments?post=4128"}],"version-history":[{"count":0,"href":"https:\/\/elmundodelosnegocios.com.do\/v1\/wp-json\/wp\/v2\/posts\/4128\/revisions"}],"wp:featuredmedia":[{"embeddable":true,"href":"https:\/\/elmundodelosnegocios.com.do\/v1\/wp-json\/wp\/v2\/media\/4129"}],"wp:attachment":[{"href":"https:\/\/elmundodelosnegocios.com.do\/v1\/wp-json\/wp\/v2\/media?parent=4128"}],"wp:term":[{"taxonomy":"category","embeddable":true,"href":"https:\/\/elmundodelosnegocios.com.do\/v1\/wp-json\/wp\/v2\/categories?post=4128"},{"taxonomy":"post_tag","embeddable":true,"href":"https:\/\/elmundodelosnegocios.com.do\/v1\/wp-json\/wp\/v2\/tags?post=4128"}],"curies":[{"name":"wp","href":"https:\/\/api.w.org\/{rel}","templated":true}]}}