{"id":4137,"date":"2021-02-22T17:28:55","date_gmt":"2021-02-22T21:58:55","guid":{"rendered":"http:\/\/elmundodelosnegocios.com.do\/v1\/?p=4137"},"modified":"2021-02-22T17:28:58","modified_gmt":"2021-02-22T21:58:58","slug":"fedoci-dedica-vuelta-ciclistica-independencia-al-administrador-de-banreservas","status":"publish","type":"post","link":"https:\/\/elmundodelosnegocios.com.do\/v1\/fedoci-dedica-vuelta-ciclistica-independencia-al-administrador-de-banreservas\/","title":{"rendered":"FEDOCI dedica Vuelta Cicl\u00edstica Independencia  al administrador de Banreservas"},"content":{"rendered":"\n<p>La Federaci\u00f3n Dominicana de Ciclismo (FEDOCI) y el Comit\u00e9 Ol\u00edmpico Dominicano (COD) informaron que la pr\u00f3xima Vuelta Cicl\u00edstica Independencia Nacional estar\u00e1 dedicada a Samuel Pereyra, administrador general de Banreservas, en un gesto de agradecimiento por el respaldo que esa instituci\u00f3n destina a esa y a otras disciplinas deportivas.<\/p>\n\n\n\n<p>La dedicatoria la dieron a conocer Jorge Blas D\u00edaz, presidente de FEDOCI, y Antonio Acosta Corletto, presidente del COD, durante una visita que realizaron a Pereyra, en la Torre Banreservas.<\/p>\n\n\n\n<p>Ambos dirigentes deportivos estuvieron acompa\u00f1ados por Luis Mej\u00eda Oviedo, ex presidente del Comit\u00e9 Ol\u00edmpico Dominicano y miembro del Comit\u00e9 Ol\u00edmpico Internacional; por Jos\u00e9 Luis Ram\u00edrez, tesorero del COD; y Manuel Luna, presidente de Creando Sue\u00f1os Ol\u00edmpicos (CRESO).<\/p>\n\n\n\n<p>Al recibir la noticia, Pereyra reaccion\u00f3 gratamente sorprendido y reiter\u00f3 su promesa de seguir apoyando al deporte nacional, que constituye el s\u00edmbolo por excelencia de los mejores valores de la naci\u00f3n.<\/p>\n\n\n\n<p>La 42\u00aa Vuelta Cicl\u00edstica Independencia Nacional se realizar\u00e1 en siete etapas, del 22 al 28 de febrero de este a\u00f1o, y se prev\u00e9 que recorrer\u00e1 1,030.3 kil\u00f3metros, para contribuir de esta manera a la difusi\u00f3n de los atractivos tur\u00edsticos del pa\u00eds.<\/p>\n","protected":false},"excerpt":{"rendered":"<p>La Federaci\u00f3n Dominicana de Ciclismo (FEDOCI) y el Comit\u00e9 Ol\u00edmpico Dominicano (COD) informaron que la pr\u00f3xima Vuelta Cicl\u00edstica Independencia Nacional estar\u00e1 dedicada a Samuel Pereyra, administrador general de Banreservas, en&hellip; <\/p>\n","protected":false},"author":2,"featured_media":4138,"comment_status":"open","ping_status":"open","sticky":false,"template":"","format":"standard","meta":{"fifu_image_url":"","fifu_image_alt":"","footnotes":""},"categories":[180],"tags":[],"class_list":["post-4137","post","type-post","status-publish","format-standard","has-post-thumbnail","hentry","category-banca"],"_links":{"self":[{"href":"https:\/\/elmundodelosnegocios.com.do\/v1\/wp-json\/wp\/v2\/posts\/4137","targetHints":{"allow":["GET"]}}],"collection":[{"href":"https:\/\/elmundodelosnegocios.com.do\/v1\/wp-json\/wp\/v2\/posts"}],"about":[{"href":"https:\/\/elmundodelosnegocios.com.do\/v1\/wp-json\/wp\/v2\/types\/post"}],"author":[{"embeddable":true,"href":"https:\/\/elmundodelosnegocios.com.do\/v1\/wp-json\/wp\/v2\/users\/2"}],"replies":[{"embeddable":true,"href":"https:\/\/elmundodelosnegocios.com.do\/v1\/wp-json\/wp\/v2\/comments?post=4137"}],"version-history":[{"count":0,"href":"https:\/\/elmundodelosnegocios.com.do\/v1\/wp-json\/wp\/v2\/posts\/4137\/revisions"}],"wp:featuredmedia":[{"embeddable":true,"href":"https:\/\/elmundodelosnegocios.com.do\/v1\/wp-json\/wp\/v2\/media\/4138"}],"wp:attachment":[{"href":"https:\/\/elmundodelosnegocios.com.do\/v1\/wp-json\/wp\/v2\/media?parent=4137"}],"wp:term":[{"taxonomy":"category","embeddable":true,"href":"https:\/\/elmundodelosnegocios.com.do\/v1\/wp-json\/wp\/v2\/categories?post=4137"},{"taxonomy":"post_tag","embeddable":true,"href":"https:\/\/elmundodelosnegocios.com.do\/v1\/wp-json\/wp\/v2\/tags?post=4137"}],"curies":[{"name":"wp","href":"https:\/\/api.w.org\/{rel}","templated":true}]}}