{"id":4178,"date":"2021-02-23T19:08:27","date_gmt":"2021-02-23T23:38:27","guid":{"rendered":"http:\/\/elmundodelosnegocios.com.do\/v1\/?p=4178"},"modified":"2021-02-23T19:08:32","modified_gmt":"2021-02-23T23:38:32","slug":"inician-primera-ruta-productiva-en-el-valle-de-constanza","status":"publish","type":"post","link":"https:\/\/elmundodelosnegocios.com.do\/v1\/inician-primera-ruta-productiva-en-el-valle-de-constanza\/","title":{"rendered":"Inician Primera Ruta Productiva en El Valle de Constanza"},"content":{"rendered":"\n<p>La Unidad de Evaluaci\u00f3n y Seguimiento de los Proyectos (UESP), encabezada por su Director Ejecutivo, Hecmilio Galv\u00e1n, realiz\u00f3 durante este fin de semana, la Primera Ruta Productiva con la finalidad de identificar los proyectos productivos, que ser\u00edan presentados al Gobierno del Cambio.<\/p>\n\n\n\n<p><br><br>Esta Primera Ruta Productiva se desarrolla en La Provincia La Vega, en el marco del apoyo decidido a la producci\u00f3n nacional, que impulsa el presidente Luis Abinader.<\/p>\n\n\n\n<p><br><br>El director ejecutivo de la UESP, destac\u00f3 la importancia de Constanza en la producci\u00f3n de hortalizas y vegetales, siendo una verdadera potencia productiva en esos renglones. Durante el inicio de la Primera Ruta Productiva participaron funcionarios locales, t\u00e9cnicos de la UESP e instituciones vinculadas, y l\u00edderes productivos de Constanza.<\/p>\n\n\n\n<p>Agrega que tambi\u00e9n se identificaron 3 grandes proyectos para el municipio y el sector productivo como: 1) La industrializaci\u00f3n de parte de la producci\u00f3n de vegetales del municipio, tanto para el mercado local como para exportaci\u00f3n; 2) la incorporaci\u00f3n de los productos de la zona en el Programa Consume Lo Nuestro; y 3) una propuesta para la soluci\u00f3n definitiva a m\u00e1s de 300 agricultores desalojados de Valle Nuevo.<br><br>La UESP inicia la Primera Ruta Productiva en El Valle de Constanza<br><br>La Unidad de Evaluaci\u00f3n y Seguimiento de los Proyectos (UESP), encabezada por su Director Ejecutivo, Sr. Hecmilio Galv\u00e1n, realiz\u00f3 durante este fin de semana, la Primera Ruta Productiva con la finalidad de identificar los proyectos productivos, que serian presentados al Gobierno del Cambio.<\/p>\n\n\n\n<p><br><br>Esta Primera Ruta Productiva se desarrolla en La Provincia La Vega, en el marco del apoyo decidido a la producci\u00f3n nacional, que impulsa el presidente Luis Abinader.<\/p>\n\n\n\n<p><br><br>Hecmilio Galv\u00e1n, Director Ejecutivo de la UESP destac\u00f3 la importancia de Constanza en la producci\u00f3n de hortalizas y vegetales, siendo una verdadera potencia productiva en esos renglones.<\/p>\n\n\n\n<p><br><br>Un comunicado destaca que durante el inicio de la Primera Ruta Productiva participaron funcionarios locales, t\u00e9cnicos de la UESP e instituciones vinculadas, y l\u00edderes productivos de Constanza.<br>Agrega que tambi\u00e9n se identificaron 3 grandes proyectos para el municipio y el sector productivo como: 1) La industrializaci\u00f3n de parte de la producci\u00f3n de vegetales del municipio, tanto para el mercado local como para exportaci\u00f3n; 2) la incorporaci\u00f3n de los productos de la zona en el Programa Consume Lo Nuestro; y 3) una propuesta para la soluci\u00f3n definitiva a m\u00e1s de 300 agricultores desalojados de Valle Nuevo.<\/p>\n","protected":false},"excerpt":{"rendered":"<p>La Unidad de Evaluaci\u00f3n y Seguimiento de los Proyectos (UESP), encabezada por su Director Ejecutivo, Hecmilio Galv\u00e1n, realiz\u00f3 durante este fin de semana, la Primera Ruta Productiva con la finalidad&hellip; <\/p>\n","protected":false},"author":2,"featured_media":4179,"comment_status":"open","ping_status":"open","sticky":false,"template":"","format":"standard","meta":{"fifu_image_url":"","fifu_image_alt":"","footnotes":""},"categories":[62],"tags":[],"class_list":["post-4178","post","type-post","status-publish","format-standard","has-post-thumbnail","hentry","category-economia"],"_links":{"self":[{"href":"https:\/\/elmundodelosnegocios.com.do\/v1\/wp-json\/wp\/v2\/posts\/4178","targetHints":{"allow":["GET"]}}],"collection":[{"href":"https:\/\/elmundodelosnegocios.com.do\/v1\/wp-json\/wp\/v2\/posts"}],"about":[{"href":"https:\/\/elmundodelosnegocios.com.do\/v1\/wp-json\/wp\/v2\/types\/post"}],"author":[{"embeddable":true,"href":"https:\/\/elmundodelosnegocios.com.do\/v1\/wp-json\/wp\/v2\/users\/2"}],"replies":[{"embeddable":true,"href":"https:\/\/elmundodelosnegocios.com.do\/v1\/wp-json\/wp\/v2\/comments?post=4178"}],"version-history":[{"count":0,"href":"https:\/\/elmundodelosnegocios.com.do\/v1\/wp-json\/wp\/v2\/posts\/4178\/revisions"}],"wp:featuredmedia":[{"embeddable":true,"href":"https:\/\/elmundodelosnegocios.com.do\/v1\/wp-json\/wp\/v2\/media\/4179"}],"wp:attachment":[{"href":"https:\/\/elmundodelosnegocios.com.do\/v1\/wp-json\/wp\/v2\/media?parent=4178"}],"wp:term":[{"taxonomy":"category","embeddable":true,"href":"https:\/\/elmundodelosnegocios.com.do\/v1\/wp-json\/wp\/v2\/categories?post=4178"},{"taxonomy":"post_tag","embeddable":true,"href":"https:\/\/elmundodelosnegocios.com.do\/v1\/wp-json\/wp\/v2\/tags?post=4178"}],"curies":[{"name":"wp","href":"https:\/\/api.w.org\/{rel}","templated":true}]}}