{"id":4215,"date":"2021-02-24T19:03:53","date_gmt":"2021-02-24T23:33:53","guid":{"rendered":"http:\/\/elmundodelosnegocios.com.do\/v1\/?p=4215"},"modified":"2021-02-24T19:03:56","modified_gmt":"2021-02-24T23:33:56","slug":"reciben-grupo-rizek-y-parval-puesto-de-bolsa-reconocimiento-labor-social","status":"publish","type":"post","link":"https:\/\/elmundodelosnegocios.com.do\/v1\/reciben-grupo-rizek-y-parval-puesto-de-bolsa-reconocimiento-labor-social\/","title":{"rendered":"Reciben Grupo Rizek y PARVAL Puesto de Bolsa reconocimiento labor social"},"content":{"rendered":"\n<p><strong>Jarabacoa<\/strong>, La Vega, R.D. Febrero 24, 2021.\u2013 El Grupo Rizek, juntamente con Parallax Valores Puesto de Bolsa, S. A. (PARVAL), fue reconocido en el municipio de Jarabacoa, por el sector empresarial, el Ayuntamiento Municipal y el Cuerpo de Bomberos, por sus continuas e invaluables contribuciones sociales a las comunidades y sus residentes tras la llegada del COVID-19 al pa\u00eds.<\/p>\n\n\n\n<p>Durante el acto de entrega de la placa de reconocimiento, realizado en la Estaci\u00f3n de Bomberos del Municipio de Jarabacoa, con todas las medidas de salud y seguridad, el Intendente Coronel, Miguel Antonio Abreu explic\u00f3 que la empresa extendi\u00f3 su mano amiga en tiempos dif\u00edciles para ayudar a salir adelante a los m\u00e1s afectados por la pandemia, a trav\u00e9s de la donaci\u00f3n de una ambulancia, insumos m\u00e9dicos, entre otros aportes econ\u00f3micos.<\/p>\n\n\n\n<p>La directora general de PARVAL, Francina Marte de Tiburcio, agradeci\u00f3 la distinci\u00f3n en representaci\u00f3n tanto del Grupo Rizek como del puesto de bolsa, al calificarla como un aliciente para mantener su contribuci\u00f3n en beneficio del pa\u00eds y su gente.<\/p>\n\n\n\n<p>\u201cDesde nuestros inicios, hemos tenido una trayectoria de \u00e9xitos que nos han permitido ser la empresa l\u00edder en el mercado. Y esto ha sido posible porque ponemos en pr\u00e1ctica nuestros valores. Hoy, con este reconocimiento, reafirmamos que somos aliados de los dominicanos y las dominicanas, porque estamos decididos a colaborar con su desarrollo\u201d, dijo la ejecutiva.<\/p>\n\n\n\n<p>En el evento estuvieron presentes el empresariado de Jarabacoa, las autoridades competentes, representaci\u00f3n del Centro Salesianos, as\u00ed como representantes de las comunidades beneficiadas.<\/p>\n\n\n\n<p>PARVAL, Primer Puesto de Bolsa de la Rep\u00fablica Dominicana, reiter\u00f3 su compromiso de continuar su labor de responsabilidad social, enfocados en cubrir las necesidades de los m\u00e1s necesitados.-.<\/p>\n","protected":false},"excerpt":{"rendered":"<p>Jarabacoa, La Vega, R.D. Febrero 24, 2021.\u2013 El Grupo Rizek, juntamente con Parallax Valores Puesto de Bolsa, S. A. (PARVAL), fue reconocido en el municipio de Jarabacoa, por el sector&hellip; <\/p>\n","protected":false},"author":2,"featured_media":4216,"comment_status":"open","ping_status":"open","sticky":false,"template":"","format":"standard","meta":{"fifu_image_url":"","fifu_image_alt":"","footnotes":""},"categories":[78],"tags":[],"class_list":["post-4215","post","type-post","status-publish","format-standard","has-post-thumbnail","hentry","category-con-responsabilidad"],"_links":{"self":[{"href":"https:\/\/elmundodelosnegocios.com.do\/v1\/wp-json\/wp\/v2\/posts\/4215","targetHints":{"allow":["GET"]}}],"collection":[{"href":"https:\/\/elmundodelosnegocios.com.do\/v1\/wp-json\/wp\/v2\/posts"}],"about":[{"href":"https:\/\/elmundodelosnegocios.com.do\/v1\/wp-json\/wp\/v2\/types\/post"}],"author":[{"embeddable":true,"href":"https:\/\/elmundodelosnegocios.com.do\/v1\/wp-json\/wp\/v2\/users\/2"}],"replies":[{"embeddable":true,"href":"https:\/\/elmundodelosnegocios.com.do\/v1\/wp-json\/wp\/v2\/comments?post=4215"}],"version-history":[{"count":0,"href":"https:\/\/elmundodelosnegocios.com.do\/v1\/wp-json\/wp\/v2\/posts\/4215\/revisions"}],"wp:featuredmedia":[{"embeddable":true,"href":"https:\/\/elmundodelosnegocios.com.do\/v1\/wp-json\/wp\/v2\/media\/4216"}],"wp:attachment":[{"href":"https:\/\/elmundodelosnegocios.com.do\/v1\/wp-json\/wp\/v2\/media?parent=4215"}],"wp:term":[{"taxonomy":"category","embeddable":true,"href":"https:\/\/elmundodelosnegocios.com.do\/v1\/wp-json\/wp\/v2\/categories?post=4215"},{"taxonomy":"post_tag","embeddable":true,"href":"https:\/\/elmundodelosnegocios.com.do\/v1\/wp-json\/wp\/v2\/tags?post=4215"}],"curies":[{"name":"wp","href":"https:\/\/api.w.org\/{rel}","templated":true}]}}