{"id":4344,"date":"2021-03-03T11:24:01","date_gmt":"2021-03-03T15:54:01","guid":{"rendered":"http:\/\/elmundodelosnegocios.com.do\/v1\/?p=4344"},"modified":"2021-03-03T11:24:05","modified_gmt":"2021-03-03T15:54:05","slug":"nuevo-informe-examina-actitudes-raciales-y-etnicas-atencion-alzheimer-y-la-demencia","status":"publish","type":"post","link":"https:\/\/elmundodelosnegocios.com.do\/v1\/nuevo-informe-examina-actitudes-raciales-y-etnicas-atencion-alzheimer-y-la-demencia\/","title":{"rendered":"Nuevo informe examina actitudes raciales y \u00e9tnicas atenci\u00f3n alzh\u00e9imer y la demencia"},"content":{"rendered":"\n<p>CHICAGO, 2 de marzo de 2021 \/PRNewswire-HISPANIC PR WIRE\/ &#8212; Los resultados de dos encuestas nacionales que aparecen en el informe\u00a0<em>2021 Alzheimer&#8217;s Disease Facts and Figures (Datos y cifras sobre la enfermedad de alzh\u00e9imer de 2021) de\u00a0<\/em>Alzheimer&#8217;s Association revelan que la discriminaci\u00f3n es una barrera para la atenci\u00f3n del alzh\u00e9imer y la demencia. M\u00e1s de un tercio de los afroamericanos (36\u00a0%) y casi un quinto de los hispanoamericanos (18\u00a0%) y asiaticoamericanos (19\u00a0%) cree que la discriminaci\u00f3n ser\u00eda una barrera para recibir atenci\u00f3n para el alzh\u00e9imer. Adem\u00e1s, la mitad o m\u00e1s de los cuidadores no blancos dicen haber sufrido discriminaci\u00f3n al explorar los entornos de atenci\u00f3n m\u00e9dica para el beneficiario que necesita su atenci\u00f3n.<\/p>\n\n\n\n<p>El informe&nbsp;<em>Facts and Figures<\/em>&nbsp;de 2021 ofrece una mirada en profundidad de las \u00faltimas estad\u00edsticas nacionales sobre la prevalencia, la incidencia, la mortalidad, los costos de la atenci\u00f3n y el impacto en los cuidadores de personas con alzh\u00e9imer. Por primera vez, el informe especial adjunto,&nbsp;<em>\u00abRace, Ethnicity and Alzheimer&#8217;s in America\u00bb (Raza, origen \u00e9tnico y alzh\u00e9imer en Estados Unidos),<\/em>&nbsp;examina las perspectivas y experiencias de los asiaticoamericanos, afroamericanos, hispanos, nativos americanos y blancos con respecto a la atenci\u00f3n del alzh\u00e9imer y la demencia.<\/p>\n\n\n\n<p>Los hallazgos del informe revelan que las poblaciones raciales\/\u00e9tnicas no blancas prev\u00e9n tener y tienen m\u00e1s barreras para acceder a la atenci\u00f3n de la demencia y tienen menos confianza en la investigaci\u00f3n m\u00e9dica y en el acceso a profesionales de la salud que comprendan sus antecedentes y experiencias \u00e9tnicas y raciales. Hallazgos destacados:<\/p>\n\n\n\n<ul class=\"wp-block-list\"><li>Dos tercios de los afroamericanos (66 %) creen que tienen m\u00e1s dificultades para obtener una atenci\u00f3n de excelencia para el alzh\u00e9imer u otras demencias. Del mismo modo, dos de cada cinco nativos americanos (40 %) e hispanoamericanos (39 %) creen que su propia raza o etnia tiene m\u00e1s dificultades para obtener atenci\u00f3n, al igual que un tercio de los asiaticoamericanos (34 %).<\/li><li>Casi dos tercios de los afroamericanos (62 %) creen que la investigaci\u00f3n m\u00e9dica est\u00e1 sesgada en contra de las personas de color, una opini\u00f3n que comparten una cantidad importante de asiaticoamericanos (45 %), nativos americanos (40 %) e hispanoamericanos (36 %). Solo la mitad de los afroamericanos (53 %) conf\u00eda en que una futura cura para el alzh\u00e9imer se compartir\u00e1 de manera equitativa, independientemente de la raza, el color o la etnia.<\/li><li>Menos de la mitad de los afroamericanos (48 %) y los nativos americanos (47 %) se sienten seguros de tener acceso a proveedores que comprendan sus antecedentes y experiencias \u00e9tnicas o raciales, y apenas alrededor de tres de cada cinco asiaticoamericanos (63 %) e hispanos (59 %) se sienten igual de seguros.<\/li><\/ul>\n\n\n\n<p>\u00abA pesar de los esfuerzos continuos para abordar las disparidades de salud y atenci\u00f3n m\u00e9dica para la demencia y la enfermedad de alzh\u00e9imer, los resultados de la encuesta muestran que todav\u00eda queda mucho trabajo por hacer\u00bb, dijo&nbsp;Carl V. Hill, Ph.D., MPH., director de Diversidad, Equidad e Inclusi\u00f3n de Alzheimer&#8217;s Association. \u00abClaramente, la discriminaci\u00f3n, la falta de diversidad entre los profesionales de atenci\u00f3n m\u00e9dica y la desconfianza en la investigaci\u00f3n m\u00e9dica crean barreras importantes para la atenci\u00f3n m\u00e9dica y exigen la atenci\u00f3n completa del pa\u00eds\u00bb.<\/p>\n\n\n\n<p>No obstante, los episodios de discriminaci\u00f3n se extienden m\u00e1s all\u00e1 de la atenci\u00f3n del alzh\u00e9imer y la demencia; las encuestas de Alzheimer&#8217;s Association revelan que muchos estadounidenses no blancos dicen haber experimentado discriminaci\u00f3n en el sistema de atenci\u00f3n m\u00e9dica en general. Espec\u00edficamente:<\/p>\n\n\n\n<ul class=\"wp-block-list\"><li>La mitad de los afroamericanos (50 %) informa que ha sufrido de discriminaci\u00f3n al solicitar atenci\u00f3n m\u00e9dica, al igual que m\u00e1s de cuatro de cada diez nativos americanos (42 %) y un tercio de los asiaticoamericanos (34 %) e hispanoamericanos (33 %).<\/li><\/ul>\n\n\n\n<p>Las experiencias y opiniones de discriminaci\u00f3n expresadas por los encuestados en ambas encuestas tambi\u00e9n se reflejan en sus opiniones sobre la participaci\u00f3n en ensayos cl\u00ednicos.<\/p>\n\n\n\n<p>Los afroamericanos tienen menos inter\u00e9s en los ensayos de investigaci\u00f3n cl\u00ednica para prevenir o retrasar la evoluci\u00f3n del alzh\u00e9imer. Los estadounidenses blancos son m\u00e1s propensos a expresar inter\u00e9s en los ensayos (82&nbsp;%), seguidos por los nativos americanos (81&nbsp;%), los hispanoamericanos (78&nbsp;%), los asiaticoamericanos (73&nbsp;%) y, por \u00faltimo, los afroamericanos (67&nbsp;%).<\/p>\n\n\n\n<p>La raz\u00f3n que se menciona con m\u00e1s frecuencia para no participar en ensayos cl\u00ednicos entre todos los grupos raciales\/\u00e9tnicos es no querer ser \u00abconejillos de indias\u00bb. Este sentimiento fue especialmente fuerte entre los afroamericanos (69&nbsp;%). Adem\u00e1s, a casi la mitad de los afroamericanos (45&nbsp;%) les preocupa que los tratamientos puedan causar enfermedades. Adem\u00e1s, tienen el doble de probabilidades que otros grupos de decir que \u00abno conf\u00edan en la investigaci\u00f3n m\u00e9dica\u00bb y m\u00e1s del doble de probabilidades que otros grupos raciales o \u00e9tnicos de decir que \u00abes posible que no reciban un trato justo\u00bb.<\/p>\n\n\n\n<p>Como se se\u00f1al\u00f3 en el informe&nbsp;<em>2021 Facts and Figures (Hechos y cifras de 2021)<\/em>, las disparidades socioecon\u00f3micas y de salud y el racismo sist\u00e9mico contribuyen a un mayor riesgo de alzh\u00e9imer y demencia en las comunidades de color. Seg\u00fan el informe, los afroamericanos y los hispanos de edad avanzada tambi\u00e9n son desproporcionadamente m\u00e1s propensos a padecer alzh\u00e9imer y otras demencias. Adem\u00e1s, ambos grupos tienen m\u00e1s probabilidades de tener diagn\u00f3sticos err\u00f3neos en comparaci\u00f3n con los blancos de edad avanzada.<\/p>\n\n\n\n<p>\u00abDebemos seguir acelerando los esfuerzos para involucrar a m\u00e1s personas de poblaciones subrepresentadas en la investigaci\u00f3n y los ensayos cl\u00ednicos de la enfermedad de Alzheimer\u00bb, dijo Mar\u00eda Carrillo, Ph.D., directora cient\u00edfica de Alzheimer&#8217;s Association. \u00abSi los ensayos no incluyen a participantes diversos, es imposible obtener una comprensi\u00f3n completa de c\u00f3mo las diferencias raciales y \u00e9tnicas pueden afectar el beneficio y la seguridad de los posibles tratamientos. Las futuras estructuras de ensayos cl\u00ednicos y los esfuerzos de reclutamiento deben generar una mejor representaci\u00f3n de toda la poblaci\u00f3n para que todos se beneficien de los avances en la investigaci\u00f3n del alzh\u00e9imer y la demencia\u00bb.<\/p>\n\n\n\n<p><strong>El impacto de la COVID-19<\/strong><\/p>\n\n\n\n<p>El informe tambi\u00e9n examina el impacto devastador que la pandemia de la COVID-19 est\u00e1 teniendo en las personas que sufren de alzh\u00e9imer. Seg\u00fan el informe, hubo al menos 42,000 muertes m\u00e1s por alzh\u00e9imer y otras demencias en 2020 en comparaci\u00f3n con los promedios de los cinco a\u00f1os anteriores, un aumento del 16&nbsp;%.<\/p>\n\n\n\n<p>El informe destaca datos preliminares y anecd\u00f3ticos que indican que la pandemia de la COVID-19 tambi\u00e9n est\u00e1 teniendo efectos adversos en muchos cuidadores familiares. Indica que los desaf\u00edos de la prestaci\u00f3n de servicios de cuidado relacionados con la pandemia, incluso el cierre de centros de d\u00eda para adultos y la incapacidad de las familias para visitar o comunicarse con familiares en entornos de cuidados a largo plazo, han causado \u00abangustia emocional y otros resultados negativos en los cuidadores\u00bb.&nbsp;<\/p>\n\n\n\n<p>Alzheimer&#8217;s Association y representantes de m\u00e1s de 30 pa\u00edses han formado un&nbsp;<a href=\"https:\/\/c212.net\/c\/link\/?t=0&amp;l=es&amp;o=3082480-1&amp;h=1512103221&amp;u=https%3A%2F%2Fwww.alz.org%2Fresearch%2Ffor%20researchers%2Fpartnerships%2Fsars-cov2-global-brain-study%3F%20ga%3D2.259755081.2121095940.1607611915-1816782268.1607611915&amp;a=consorcio+internacional+para+estudiar\">consorcio internacional para estudiar<\/a>&nbsp;las consecuencias a corto y largo plazo de la COVID-19 en el cerebro y el sistema nervioso de personas de diferentes edades y distintos antecedentes gen\u00e9ticos.<\/p>\n\n\n\n<p><strong>Datos y cifras sobre el alzh\u00e9imer de 2021: un vistazo<\/strong><\/p>\n\n\n\n<p><em>Prevalencia, incidencia y mortalidad<\/em><\/p>\n\n\n\n<ul class=\"wp-block-list\"><li>Se estima que 6.2 millones de estadounidenses de 65 a\u00f1os o m\u00e1s padecer\u00e1n demencia de tipo alzh\u00e9imer en 2021.<\/li><li>M\u00e1s de una de cada nueve personas (11.3 %) de 65 a\u00f1os o m\u00e1s padece demencia de tipo alzh\u00e9imer.<\/li><li>Dos tercios de los estadounidenses mayores de 65 a\u00f1os con alzh\u00e9imer (3.8 millones) son mujeres.<\/li><li>Las muertes por alzh\u00e9imer entre 2000 y 2019 se han duplicado y superado ese n\u00famero, y han aumentado un 145 %.<\/li><li>Uno de&nbsp;cada tres adultos mayores muere con alzh\u00e9imer u otro tipo de demencia.<\/li><\/ul>\n\n\n\n<p><em>Cuidado<\/em><\/p>\n\n\n\n<ul class=\"wp-block-list\"><li>En 2020, m\u00e1s de 11&nbsp;millones de cuidadores de personas con alzh\u00e9imer u otras demencias proporcionaron aproximadamente 15,300&nbsp;millones de horas de atenci\u00f3n no remunerada, una contribuci\u00f3n a la naci\u00f3n valuada en&nbsp;$257,000&nbsp;millones.&nbsp;<\/li><li>Casi la&nbsp;mitad de los cuidadores (48&nbsp;%) que brindan ayuda a un adulto mayor lo hacen por alguien que padece alzh\u00e9imer u otro tipo de demencia.&nbsp;<\/li><li>Aproximadamente dos tercios de los cuidadores son mujeres y un tercio de los cuidadores de personas con demencia son hijas de esas personas.<\/li><li>El 41&nbsp;% de los cuidadores tienen un ingreso familiar de&nbsp;$50,000&nbsp;o menos.<\/li><\/ul>\n\n\n\n<p><em>Costo de la&nbsp;atenci\u00f3n<\/em><\/p>\n\n\n\n<ul class=\"wp-block-list\"><li>En 2021, los pagos totales para todas las personas con alzh\u00e9imer u otras demencias se estiman en&nbsp;$355,000&nbsp;millones (sin incluir el cuidado no remunerado).<\/li><li>Se espera que Medicare y Medicaid cubran&nbsp;$239,000&nbsp;millones o el 67&nbsp;% de los pagos totales de atenci\u00f3n m\u00e9dica y atenci\u00f3n a largo plazo para las personas con alzh\u00e9imer u otras demencias. Se espera que los gastos de bolsillo sean de&nbsp;$76,000&nbsp;millones.&nbsp;<\/li><li>Se prev\u00e9 que el costo total de la atenci\u00f3n m\u00e9dica, el cuidado prolongado y el cuidado paliativo para personas con alzh\u00e9imer y otros tipos de demencia aumente a m\u00e1s de&nbsp;$1.1&nbsp;billones en 2050.<\/li><li>El costo total de la atenci\u00f3n de por vida de una persona que padece demencia se estima en&nbsp;$373,527.&nbsp;<\/li><\/ul>\n\n\n\n<p>A continuaci\u00f3n, se incluyen datos adicionales del informe. Puede acceder al texto completo del informe&nbsp;<em>2021 Alzheimer&#8217;s Disease Facts and Figures<\/em>, incluido el informe especial adjunto&nbsp;<em>\u00abRace, Ethnicity and Alzheimer&#8217;s in America\u00bb<\/em>&nbsp;en&nbsp;<a href=\"https:\/\/c212.net\/c\/link\/?t=0&amp;l=es&amp;o=3082480-1&amp;h=4013269404&amp;u=https%3A%2F%2Fwww.alz.org%2Falzheimers-dementia%2Ffacts-figures&amp;a=alz.org%2Ffacts\">alz.org\/facts<\/a>. El informe tambi\u00e9n aparecer\u00e1 en la edici\u00f3n de marzo de 2021 de&nbsp;<em>Alzheimer&#8217;s &amp; Dementia: The Journal of the Alzheimer&#8217;s Association<\/em>.<\/p>\n\n\n\n<p><strong><u>Otros hallazgos clave del informe&nbsp;<em>\u00abRace, Ethnicity and Alzheimer&#8217;s in America\u00bb<\/em>:<\/u><\/strong><\/p>\n\n\n\n<ul class=\"wp-block-list\"><li>La preocupaci\u00f3n por el desarrollo de alzh\u00e9imer es menor entre los nativos americanos (25 %), los afroamericanos (35 %) y los hispanos (41 %), especialmente en comparaci\u00f3n con los blancos (48 %).<\/li><li>M\u00e1s de un tercio de los nativos americanos (35 %) y casi tres de cada diez hispanos (28 %) no creen que vivir\u00e1n lo suficiente para desarrollar alzh\u00e9imer u otra demencia.<\/li><li>M\u00e1s de la mitad de los estadounidenses que no son blancos creen que la p\u00e9rdida significativa de memoria o capacidades cognitivas es \u00abuna parte normal del envejecimiento\u00bb.<\/li><li>Los hispanos, afroamericanos y nativos americanos tienen el doble de probabilidades que los blancos de decir que no ver\u00e1n a un m\u00e9dico si experimentan problemas de memoria o de razonamiento.<\/li><li>Uno de&nbsp;cada cinco afroamericanos (21 %) e hispanoamericanos (20 %) dice que se sentir\u00eda ofendido si un m\u00e9dico sugiriera una evaluaci\u00f3n cognitiva.<\/li><li>Casi dos de cada tres cuidadores (64 %) en todos los grupos dicen que cuidar es estresante, pero casi todos (92 %) dicen que tambi\u00e9n es gratificante.<\/li><\/ul>\n\n\n\n<p><strong><u>Estad\u00edsticas actualizadas del alzh\u00e9imer<\/u><\/strong><\/p>\n\n\n\n<p>El informe&nbsp;<em>Facts and Figures<\/em>&nbsp;de Alzheimer&#8217;s Association ofrece una mirada anual de las \u00faltimas estad\u00edsticas nacionales e informaci\u00f3n sobre la prevalencia, incidencia, la mortalidad y la morbilidad del alzh\u00e9imer, as\u00ed como tambi\u00e9n de los costos de atenci\u00f3n y cuidado de personas, tanto a nivel nacional como por estado.&nbsp;&nbsp;<\/p>\n\n\n\n<p><strong><u>Acerca del informe&nbsp;<em>2021 Alzheimer&#8217;s Disease Facts and Figures<\/em><\/u><\/strong><em><\/em><\/p>\n\n\n\n<p>El informe&nbsp;2021 Alzheimer&#8217;s Disease Facts and Figures de Alzheimer&#8217;s Association es una compilaci\u00f3n exhaustiva de estad\u00edsticas nacionales e informaci\u00f3n sobre la enfermedad de alzh\u00e9imer y las demencias relacionadas. El informe comunica el impacto del alzh\u00e9imer en las personas, los familiares, el Gobierno y el sistema de salud nacional. Desde su publicaci\u00f3n inicial en 2007, el informe se ha convertido en una fuente preeminente que abarca el amplio espectro de problemas que derivan del alzh\u00e9imer. El informe&nbsp;<em>Facts and Figures&nbsp;<\/em>es una publicaci\u00f3n oficial de Alzheimer&#8217;s Association.<\/p>\n\n\n\n<p><strong><u>Acerca de la encuesta<\/u><\/strong><\/p>\n\n\n\n<p>Versta Research realiz\u00f3 dos encuestas en nombre de Alzheimer&#8217;s Association: (1) adultos estadounidenses y (2) cuidadores actuales o recientes de adultos de 50 a\u00f1os o m\u00e1s con problemas cognitivos. Se pregunt\u00f3 a los encuestados sobre el acceso a la atenci\u00f3n m\u00e9dica y los servicios de apoyo, la confianza en los proveedores y el sistema de atenci\u00f3n m\u00e9dica, la participaci\u00f3n en ensayos cl\u00ednicos e investigaciones y las experiencias de los cuidadores. Las encuestas se realizaron del 26 de octubre al 11 de noviembre de 2020. Los datos fueron recopilados por NORC en la Universidad de&nbsp;Chicago&nbsp;a trav\u00e9s del panel AmeriSpeak\u00ae. AmeriSpeak es un panel basado en probabilidades de todos los hogares estadounidenses.&nbsp;<\/p>\n\n\n\n<p>La encuesta incluy\u00f3 a 945 encuestados blancos. Los sobremuestreos de hispanos (n=541), afroamericanos (n=515) y asiaticoamericanos (n=412) se ponderaron contra sus proporciones poblacionales reales para obtener an\u00e1lisis e informes estad\u00edsticos. Para la inclusi\u00f3n completa de los nativos americanos, se administr\u00f3 la misma encuesta a una muestra adicional de 406 nativos americanos reclutados a trav\u00e9s de paneles en l\u00ednea (no probabil\u00edsticos) con muestreo estratificado y datos ponderados por g\u00e9nero, edad, ingresos y educaci\u00f3n para alinearlos con los datos de la Oficina del&nbsp;Censo de&nbsp;los EE.&nbsp;UU. Las encuestas se ofrecieron tanto en ingl\u00e9s como en espa\u00f1ol. Para obtener detalles completos sobre la metodolog\u00eda de la encuesta, consulte la p\u00e1gina 73 del informe.<\/p>\n\n\n\n<p><strong><u>Acerca de Alzheimer&#8217;s Association<\/u><\/strong><\/p>\n\n\n\n<p>Alzheimer&#8217;s Association lidera el camino para acabar con el alzh\u00e9imer y todas las dem\u00e1s demencias, acelera la investigaci\u00f3n global, impulsa la reducci\u00f3n de riesgos y la detecci\u00f3n temprana, y maximiza la atenci\u00f3n y el apoyo de calidad. Nuestra visi\u00f3n es un mundo sin alzh\u00e9imer ni todas las dem\u00e1s demencias.&nbsp;Para obtener m\u00e1s informaci\u00f3n, visite&nbsp;<a href=\"https:\/\/c212.net\/c\/link\/?t=0&amp;l=es&amp;o=3082480-1&amp;h=2008177234&amp;u=http%3A%2F%2Falz.org%2F&amp;a=alz.org\">alz.org<\/a>&nbsp;o llame a la l\u00ednea de ayuda gratuita las 24&nbsp;horas del d\u00eda, los 7&nbsp;d\u00edas de la semana: 800.272.3900.<\/p>\n","protected":false},"excerpt":{"rendered":"<p>CHICAGO, 2 de marzo de 2021 \/PRNewswire-HISPANIC PR WIRE\/ &#8212; Los resultados de dos encuestas nacionales que aparecen en el informe\u00a02021 Alzheimer&#8217;s Disease Facts and Figures (Datos y cifras sobre&hellip; <\/p>\n","protected":false},"author":2,"featured_media":4345,"comment_status":"open","ping_status":"open","sticky":false,"template":"","format":"standard","meta":{"fifu_image_url":"","fifu_image_alt":"","footnotes":""},"categories":[80],"tags":[],"class_list":["post-4344","post","type-post","status-publish","format-standard","has-post-thumbnail","hentry","category-salud"],"_links":{"self":[{"href":"https:\/\/elmundodelosnegocios.com.do\/v1\/wp-json\/wp\/v2\/posts\/4344","targetHints":{"allow":["GET"]}}],"collection":[{"href":"https:\/\/elmundodelosnegocios.com.do\/v1\/wp-json\/wp\/v2\/posts"}],"about":[{"href":"https:\/\/elmundodelosnegocios.com.do\/v1\/wp-json\/wp\/v2\/types\/post"}],"author":[{"embeddable":true,"href":"https:\/\/elmundodelosnegocios.com.do\/v1\/wp-json\/wp\/v2\/users\/2"}],"replies":[{"embeddable":true,"href":"https:\/\/elmundodelosnegocios.com.do\/v1\/wp-json\/wp\/v2\/comments?post=4344"}],"version-history":[{"count":0,"href":"https:\/\/elmundodelosnegocios.com.do\/v1\/wp-json\/wp\/v2\/posts\/4344\/revisions"}],"wp:featuredmedia":[{"embeddable":true,"href":"https:\/\/elmundodelosnegocios.com.do\/v1\/wp-json\/wp\/v2\/media\/4345"}],"wp:attachment":[{"href":"https:\/\/elmundodelosnegocios.com.do\/v1\/wp-json\/wp\/v2\/media?parent=4344"}],"wp:term":[{"taxonomy":"category","embeddable":true,"href":"https:\/\/elmundodelosnegocios.com.do\/v1\/wp-json\/wp\/v2\/categories?post=4344"},{"taxonomy":"post_tag","embeddable":true,"href":"https:\/\/elmundodelosnegocios.com.do\/v1\/wp-json\/wp\/v2\/tags?post=4344"}],"curies":[{"name":"wp","href":"https:\/\/api.w.org\/{rel}","templated":true}]}}