{"id":4350,"date":"2021-03-03T11:30:30","date_gmt":"2021-03-03T16:00:30","guid":{"rendered":"http:\/\/elmundodelosnegocios.com.do\/v1\/?p=4350"},"modified":"2021-03-03T11:30:34","modified_gmt":"2021-03-03T16:00:34","slug":"gastroenterologia-inicia-vacunacion-contra-covid-19","status":"publish","type":"post","link":"https:\/\/elmundodelosnegocios.com.do\/v1\/gastroenterologia-inicia-vacunacion-contra-covid-19\/","title":{"rendered":"Gastroenterolog\u00eda inicia vacunaci\u00f3n contra Covid -19"},"content":{"rendered":"\n<p><strong>Santo Domingo<\/strong>, R.D. 01 de marzo de 2021.- El Centro de Gastroenterolog\u00eda inici\u00f3 la jornada de vacunaci\u00f3n contra el Covid -19, en coordinaci\u00f3n con Telma P\u00e9rez, oficial salud de familia del \u00e1rea VI de Salud P\u00fablica.<br>La directora del centro, doctora Anny Mambr\u00fa inform\u00f3 que recibieron 300 dosis de la vacuna \u00a0Sinovac contra el coronavirus, las cuales ser\u00e1n aplicadas al personal m\u00e9dico, enfermeras, bioan\u00e1lisis y colaboradores de apoyo.\u00a0<br>A este personal perteneciente a la fase IB que se aplique la vacuna, debe llenar una planilla de registro, con el que se le entrega un formulario de consentimiento y una tarjeta de control de vacunaci\u00f3n.\u00a0<\/p>\n\n\n\n<p><br>Mientras, Wanda De Oleo, gerente de Epidemiolog\u00eda, dijo que iniciaron a inmunizar al personal de las \u00e1reas de Emergencia, Laboratorio, Im\u00e1genes y dem\u00e1s colaboradores de salud, as\u00ed como tambi\u00e9n, del \u00e1rea administrativa tal y como indica el Plan Nacional de Vacunaci\u00f3n\u201d, se\u00f1al\u00f3.\u00a0<br>Con esta jornada se contin\u00faa el cumplimiento a las disposiciones del gobierno dominicano, que inici\u00f3 el proceso de inmunizaci\u00f3n hace unas semanas tras la llegada al pa\u00eds de 818 mil vacunas contra el coronavirus.<\/p>\n","protected":false},"excerpt":{"rendered":"<p>Santo Domingo, R.D. 01 de marzo de 2021.- El Centro de Gastroenterolog\u00eda inici\u00f3 la jornada de vacunaci\u00f3n contra el Covid -19, en coordinaci\u00f3n con Telma P\u00e9rez, oficial salud de familia&hellip; <\/p>\n","protected":false},"author":2,"featured_media":4351,"comment_status":"open","ping_status":"open","sticky":false,"template":"","format":"standard","meta":{"fifu_image_url":"","fifu_image_alt":"","footnotes":""},"categories":[80],"tags":[],"class_list":["post-4350","post","type-post","status-publish","format-standard","has-post-thumbnail","hentry","category-salud"],"_links":{"self":[{"href":"https:\/\/elmundodelosnegocios.com.do\/v1\/wp-json\/wp\/v2\/posts\/4350","targetHints":{"allow":["GET"]}}],"collection":[{"href":"https:\/\/elmundodelosnegocios.com.do\/v1\/wp-json\/wp\/v2\/posts"}],"about":[{"href":"https:\/\/elmundodelosnegocios.com.do\/v1\/wp-json\/wp\/v2\/types\/post"}],"author":[{"embeddable":true,"href":"https:\/\/elmundodelosnegocios.com.do\/v1\/wp-json\/wp\/v2\/users\/2"}],"replies":[{"embeddable":true,"href":"https:\/\/elmundodelosnegocios.com.do\/v1\/wp-json\/wp\/v2\/comments?post=4350"}],"version-history":[{"count":0,"href":"https:\/\/elmundodelosnegocios.com.do\/v1\/wp-json\/wp\/v2\/posts\/4350\/revisions"}],"wp:featuredmedia":[{"embeddable":true,"href":"https:\/\/elmundodelosnegocios.com.do\/v1\/wp-json\/wp\/v2\/media\/4351"}],"wp:attachment":[{"href":"https:\/\/elmundodelosnegocios.com.do\/v1\/wp-json\/wp\/v2\/media?parent=4350"}],"wp:term":[{"taxonomy":"category","embeddable":true,"href":"https:\/\/elmundodelosnegocios.com.do\/v1\/wp-json\/wp\/v2\/categories?post=4350"},{"taxonomy":"post_tag","embeddable":true,"href":"https:\/\/elmundodelosnegocios.com.do\/v1\/wp-json\/wp\/v2\/tags?post=4350"}],"curies":[{"name":"wp","href":"https:\/\/api.w.org\/{rel}","templated":true}]}}