{"id":4379,"date":"2021-03-04T07:29:05","date_gmt":"2021-03-04T11:59:05","guid":{"rendered":"http:\/\/elmundodelosnegocios.com.do\/v1\/?p=4379"},"modified":"2021-03-04T07:29:08","modified_gmt":"2021-03-04T11:59:08","slug":"afirma-bisono-dominicana-sera-de-paises-mas-rapida-reactivacion-economica-post-covid19","status":"publish","type":"post","link":"https:\/\/elmundodelosnegocios.com.do\/v1\/afirma-bisono-dominicana-sera-de-paises-mas-rapida-reactivacion-economica-post-covid19\/","title":{"rendered":"Afirma Bison\u00f3 Dominicana ser\u00e1 de pa\u00edses m\u00e1s r\u00e1pida reactivaci\u00f3n econ\u00f3mica post- COVID19"},"content":{"rendered":"\n<p>SANTO DOMINGO El ministro de Industria, Comercio y Mipymes (MICM), V\u00edctor-Ito- Bison\u00f3, consider\u00f3 que la Rep\u00fablica Dominicana ser\u00e1 uno de los pa\u00edses de m\u00e1s r\u00e1pido arranque en la reactivaci\u00f3n econ\u00f3mica post- Covid-19, debido a las medidas de reactivaci\u00f3n de sectores productivos que ejecuta el Gobierno.&nbsp;<\/p>\n\n\n\n<p>Al participar en el panel virtual \u201cComercio y Relaci\u00f3n Econ\u00f3mica en la Regi\u00f3n\u201d, junto a varios ministros de Comercio de Am\u00e9rica Latina, Bison\u00f3 sostuvo que, a pesar de la contracci\u00f3n experimentada en el crecimiento de la producci\u00f3n nacional en 2020, se visualiza un escenario m\u00e1s favorable para nuestro pa\u00eds en el a\u00f1o 2021.&nbsp;<\/p>\n\n\n\n<p>Indic\u00f3 que, en promedio, se espera que la econom\u00eda mundial crezca un 5,5% en 2021 y 4,2% en 2022, seg\u00fan el informe de Actualizaci\u00f3n de las Perspectivas de la Econom\u00eda Mundial transmitido por el FMI.&nbsp;<\/p>\n\n\n\n<p>&nbsp;\u201cDe modo similar la CEPAL estima que la Rep\u00fablica Dominicana crecer\u00e1 en un 5%. Ambos representan panoramas positivos, lo cual se refleja en la expansi\u00f3n de empresas de zonas francas y la exitosa emisi\u00f3n de bonos soberanos por un monto total de US$3,800 millones, atribuido a la confianza de los inversionistas en el mercado financiero dominicano\u201d, dijo el titular del MICM.&nbsp;<\/p>\n\n\n\n<p>Al responder la pregunta \u00bfc\u00f3mo est\u00e1 afrontando su Ministerio los desaf\u00edos para el sector industrial y cu\u00e1les son algunas de las formas en que su gobierno est\u00e1 apoyando a este sector? dijo que durante la actual gesti\u00f3n del presidente Abinader, las zonas francas han impulsado la reactivaci\u00f3n econ\u00f3mica del pa\u00eds.&nbsp;&nbsp;<\/p>\n\n\n\n<p>Se\u00f1al\u00f3 que \u201cel 100% de las empresas est\u00e1n operando y las exportaciones han experimentado un crecimiento en el sector de pl\u00e1sticos de un 20.96% durante el per\u00edodo 2019-2020, seguido por equipos electr\u00f3nicos y el\u00e9ctricos con un 11.08% y equipos m\u00e9dicos y farmac\u00e9uticos con un 5.72%\u201d.&nbsp;&nbsp;<\/p>\n\n\n\n<p>Por otro lado, indic\u00f3 que en el mes de enero del presente a\u00f1o las exportaciones de zonas francas se incrementaron en un 0.71% en relaci\u00f3n con el mes de enero del 2020, siendo \u00e9ste el mejor enero en toda la historia de las zonas francas.&nbsp;<\/p>\n\n\n\n<p>Bison\u00f3 destac\u00f3 que las zonas francas dominicanas tienen una alta capacidad operativa, a\u00fan en tiempos de crisis global y dijo que las mismas se han mantenido operando en medio de la pandemia del COVID-19, cumpliendo con todos los protocolos de contingencia y protecci\u00f3n de su personal, seg\u00fan recomendaciones de la Organizaci\u00f3n Mundial de la Salud (OMS).&nbsp;&nbsp;<\/p>\n\n\n\n<p>Sostuvo que el desempe\u00f1o de las exportaciones de zonas francas evidencia el atractivo que posee Rep\u00fablica Dominicana para la inversi\u00f3n de empresas de capital extranjero, especialmente norteamericano y el auge del nearshoring, gracias una ubicaci\u00f3n geogr\u00e1fica privilegiada, convirti\u00e9ndose en la tercera mejor conectividad mar\u00edtima de la regi\u00f3n con 14 servicios mar\u00edtimos semanales con destino a distintos puertos de Estados Unidos.&nbsp;<\/p>\n\n\n\n<p>Durante el panel, el ministro Bison\u00f3 expuso sobre los esfuerzos de reactivaci\u00f3n econ\u00f3mica que realiza el pa\u00eds, las prioridades de comercio internacional para el a\u00f1o 2021, las oportunidades y los desaf\u00edos emergentes para el comercio y la inversi\u00f3n m\u00e1s all\u00e1 de la pandemia, as\u00ed como la relaci\u00f3n comercial bilateral con los Estados Unidos.&nbsp;<\/p>\n\n\n\n<p>El panel virtual \u201cComercio y Relaci\u00f3n Econ\u00f3mica en la Regi\u00f3n\u201d se desarroll\u00f3 con el objetivo de conversar sobre las perspectivas del comercio internacional y la econom\u00eda en Am\u00e9rica Latina y el Caribe en 2021.&nbsp;<\/p>\n\n\n\n<p>Los panelistas del evento fueron el V\u00edctor Bison\u00f3, Ministro de Industria, Comercio y MIPYMEs de la Rep\u00fablica Dominicana; Ram\u00f3n Mart\u00ednez, Ministro de Comercio e Industria de Panam\u00e1; Jos\u00e9 Manuel Restrepo, Ministro de Industria y Turismo de Colombia, con la moderaci\u00f3n de Anne McKinney Vicepresidenta Ejecutiva de AACCLA.&nbsp;<\/p>\n\n\n\n<p>El trabajo de AACCLA y las C\u00e1maras de Comercio Americana se concentra en fomentar el comercio e inversi\u00f3n entre los Estados Unidos y los pa\u00edses de Am\u00e9rica Latina y el Caribe.-.&nbsp;<\/p>\n","protected":false},"excerpt":{"rendered":"<p>SANTO DOMINGO El ministro de Industria, Comercio y Mipymes (MICM), V\u00edctor-Ito- Bison\u00f3, consider\u00f3 que la Rep\u00fablica Dominicana ser\u00e1 uno de los pa\u00edses de m\u00e1s r\u00e1pido arranque en la reactivaci\u00f3n econ\u00f3mica&hellip; <\/p>\n","protected":false},"author":2,"featured_media":4380,"comment_status":"open","ping_status":"open","sticky":false,"template":"","format":"standard","meta":{"fifu_image_url":"","fifu_image_alt":"","footnotes":""},"categories":[62],"tags":[],"class_list":["post-4379","post","type-post","status-publish","format-standard","has-post-thumbnail","hentry","category-economia"],"_links":{"self":[{"href":"https:\/\/elmundodelosnegocios.com.do\/v1\/wp-json\/wp\/v2\/posts\/4379","targetHints":{"allow":["GET"]}}],"collection":[{"href":"https:\/\/elmundodelosnegocios.com.do\/v1\/wp-json\/wp\/v2\/posts"}],"about":[{"href":"https:\/\/elmundodelosnegocios.com.do\/v1\/wp-json\/wp\/v2\/types\/post"}],"author":[{"embeddable":true,"href":"https:\/\/elmundodelosnegocios.com.do\/v1\/wp-json\/wp\/v2\/users\/2"}],"replies":[{"embeddable":true,"href":"https:\/\/elmundodelosnegocios.com.do\/v1\/wp-json\/wp\/v2\/comments?post=4379"}],"version-history":[{"count":0,"href":"https:\/\/elmundodelosnegocios.com.do\/v1\/wp-json\/wp\/v2\/posts\/4379\/revisions"}],"wp:featuredmedia":[{"embeddable":true,"href":"https:\/\/elmundodelosnegocios.com.do\/v1\/wp-json\/wp\/v2\/media\/4380"}],"wp:attachment":[{"href":"https:\/\/elmundodelosnegocios.com.do\/v1\/wp-json\/wp\/v2\/media?parent=4379"}],"wp:term":[{"taxonomy":"category","embeddable":true,"href":"https:\/\/elmundodelosnegocios.com.do\/v1\/wp-json\/wp\/v2\/categories?post=4379"},{"taxonomy":"post_tag","embeddable":true,"href":"https:\/\/elmundodelosnegocios.com.do\/v1\/wp-json\/wp\/v2\/tags?post=4379"}],"curies":[{"name":"wp","href":"https:\/\/api.w.org\/{rel}","templated":true}]}}