{"id":4408,"date":"2021-03-04T18:53:32","date_gmt":"2021-03-04T23:23:32","guid":{"rendered":"http:\/\/elmundodelosnegocios.com.do\/v1\/?p=4408"},"modified":"2021-03-04T18:53:34","modified_gmt":"2021-03-04T23:23:34","slug":"luis-abinader-da-primer-palazo-para-trabajos-de-ampliacion-autopista-a-san-isidro","status":"publish","type":"post","link":"https:\/\/elmundodelosnegocios.com.do\/v1\/luis-abinader-da-primer-palazo-para-trabajos-de-ampliacion-autopista-a-san-isidro\/","title":{"rendered":"Luis Abinader da primer palazo para trabajos de ampliaci\u00f3n autopista a San Isidro"},"content":{"rendered":"\n<p>El presidente Luis Abinader encabez\u00f3 este jueves el acto de inicio de los trabajos de ampliaci\u00f3n de la autopista a San Isidro (avenida Coronel Rafael Tom\u00e1s Fern\u00e1ndez Dom\u00ednguez), obra que tendr\u00e1 un costo superior a los 800 millones de pesos y que est\u00e1 llamada a contribuir con la soluci\u00f3n del ca\u00f3tico tr\u00e1nsito que se registra en esa zona del municipio Santo Domingo Este.&nbsp;<\/p>\n\n\n\n<p>El mandatario, junto al ministro de Obras P\u00fablicas, Deligne Ascenci\u00f3n, dio el primer palazo para dejar iniciados los trabajos de ampliaci\u00f3n de la v\u00eda, desde la avenida Charles de Gaulle hasta la base \u00e1rea de San Isidro, municipio Santo Domingo Este.<\/p>\n\n\n\n<p>En el acto habl\u00f3 el ministro Deligne Ascenci\u00f3n,\u00a0quien\u00a0\u00a0dijo que el\u00a0presidente Abinader, durante el Consejo de Ministros celebrado el pasado mes de febrero en la sede del Ayuntamiento de Santo Domingo Este se comprometi\u00f3 con los mun\u00edcipes a realizar el trabajo que hoy se est\u00e1 iniciando.<\/p>\n\n\n\n<p>Destac\u00f3 la importancia que reviste la ampliaci\u00f3n y prolongaci\u00f3n de la v\u00eda, y que a continuaci\u00f3n de esta se hace imprescindible, debido al crecimiento demogr\u00e1fico que ha tenido el municipio, y al aumento del parque vehicular, adem\u00e1s de que la misma generar\u00e1 amplios beneficios a los residentes.<\/p>\n\n\n\n<p>\u201cLa ampliaci\u00f3n consiste en agregar dos carriles y una acera perimetral de tres metros, para que los ciudadanos puedan caminar y ejercitarse\u201d, explic\u00f3.&nbsp;<\/p>\n\n\n\n<p>La v\u00eda cuenta en la actualidad con dos carriles, pero los trabajos iniciados incluir\u00e1n otros dos, para un total de cuatro carriles, dos para cada sentido de direcci\u00f3n.<\/p>\n\n\n\n<p>Con la reestructuraci\u00f3n y ampliaci\u00f3n de la avenida Rafael Tom\u00e1s Fern\u00e1ndez Dom\u00ednguez se busca desahogar el tr\u00e1nsito en Santo Domingo Este y hacer menos traum\u00e1tico el trayecto hasta el Distrito Nacional y otros puntos. La ampliaci\u00f3n de esta importante v\u00eda forma parte del programa de control de tr\u00e1nsito vehicular y descongestionamiento de las v\u00edas circundantes.<\/p>\n\n\n\n<p><strong>Descripci\u00f3n del proyecto<\/strong><\/p>\n\n\n\n<p>El proyecto contempla la construcci\u00f3n de dos nuevos carriles para aumentar la capacidad vial de dos a cuatro carriles por sentido de circulaci\u00f3n, y ser\u00e1n intervenidos 5.13 kms de un carril adicional para girar en intersecciones.<\/p>\n\n\n\n<p>El mismo abarca una secci\u00f3n de 41.70 metros, conformada por dos calzadas de 8.20 metros.<\/p>\n\n\n\n<p>La ampliaci\u00f3n contar\u00e1 con isleta central separadora de dos metros, ancho de carriles de 3.50 metros, acera dispuesta a ambos lados para peatones de 1.50 metros, contenes de 0.55 metros, jardinera de 0.45 metros, franja verde de 0.80 metros en ambos lados.&nbsp;<\/p>\n","protected":false},"excerpt":{"rendered":"<p>El presidente Luis Abinader encabez\u00f3 este jueves el acto de inicio de los trabajos de ampliaci\u00f3n de la autopista a San Isidro (avenida Coronel Rafael Tom\u00e1s Fern\u00e1ndez Dom\u00ednguez), obra que&hellip; <\/p>\n","protected":false},"author":2,"featured_media":4409,"comment_status":"open","ping_status":"open","sticky":false,"template":"","format":"standard","meta":{"fifu_image_url":"","fifu_image_alt":"","footnotes":""},"categories":[69],"tags":[],"class_list":["post-4408","post","type-post","status-publish","format-standard","has-post-thumbnail","hentry","category-construccion"],"_links":{"self":[{"href":"https:\/\/elmundodelosnegocios.com.do\/v1\/wp-json\/wp\/v2\/posts\/4408","targetHints":{"allow":["GET"]}}],"collection":[{"href":"https:\/\/elmundodelosnegocios.com.do\/v1\/wp-json\/wp\/v2\/posts"}],"about":[{"href":"https:\/\/elmundodelosnegocios.com.do\/v1\/wp-json\/wp\/v2\/types\/post"}],"author":[{"embeddable":true,"href":"https:\/\/elmundodelosnegocios.com.do\/v1\/wp-json\/wp\/v2\/users\/2"}],"replies":[{"embeddable":true,"href":"https:\/\/elmundodelosnegocios.com.do\/v1\/wp-json\/wp\/v2\/comments?post=4408"}],"version-history":[{"count":0,"href":"https:\/\/elmundodelosnegocios.com.do\/v1\/wp-json\/wp\/v2\/posts\/4408\/revisions"}],"wp:featuredmedia":[{"embeddable":true,"href":"https:\/\/elmundodelosnegocios.com.do\/v1\/wp-json\/wp\/v2\/media\/4409"}],"wp:attachment":[{"href":"https:\/\/elmundodelosnegocios.com.do\/v1\/wp-json\/wp\/v2\/media?parent=4408"}],"wp:term":[{"taxonomy":"category","embeddable":true,"href":"https:\/\/elmundodelosnegocios.com.do\/v1\/wp-json\/wp\/v2\/categories?post=4408"},{"taxonomy":"post_tag","embeddable":true,"href":"https:\/\/elmundodelosnegocios.com.do\/v1\/wp-json\/wp\/v2\/tags?post=4408"}],"curies":[{"name":"wp","href":"https:\/\/api.w.org\/{rel}","templated":true}]}}