{"id":4413,"date":"2021-03-04T19:04:47","date_gmt":"2021-03-04T23:34:47","guid":{"rendered":"http:\/\/elmundodelosnegocios.com.do\/v1\/?p=4413"},"modified":"2021-03-04T19:04:49","modified_gmt":"2021-03-04T23:34:49","slug":"programa-de-recuperacion-inclusiva-impacta-a-mas-de-300-pequenos-negocios","status":"publish","type":"post","link":"https:\/\/elmundodelosnegocios.com.do\/v1\/programa-de-recuperacion-inclusiva-impacta-a-mas-de-300-pequenos-negocios\/","title":{"rendered":"Programa de recuperaci\u00f3n inclusiva impacta a m\u00e1s de 300 peque\u00f1os negocios"},"content":{"rendered":"\n<p>Al cierre de su primera fase, el Programa de Recuperaci\u00f3n Socioecon\u00f3mica Inclusiva logr\u00f3 impactar a m\u00e1s de 300 actores de la cadena productiva, emprendedores, propietarios y propietarias de peque\u00f1os negocios pertenecientes a poblaciones en condici\u00f3n de vulnerabilidad para garantizar que no se queden atr\u00e1s en el proceso de recuperaci\u00f3n econ\u00f3mica ante la crisis causada por la COVID-19.&nbsp;&nbsp;<\/p>\n\n\n\n<p>A trav\u00e9s del programa, los participantes recibieron herramientas y acompa\u00f1amiento para reestructurar sus modelos de negocios en materia de digitalizaci\u00f3n, recaudaci\u00f3n de fondos, estrategias de mercadeo y desarrollo de emprendimientos.<\/p>\n\n\n\n<p>La iniciativa cuenta con el apoyo del Gobierno de los Estados Unidos a trav\u00e9s de su Agencia para el Desarrollo Internacional (USAID), el Fondo para Iniciativas Locales de la Embajada de Canad\u00e1; y es implementada por el Programa de las Naciones Unidas para el Desarrollo (PNUD) y el Ministerio de Industria, Comercio y Mipymes.&nbsp;&nbsp;<\/p>\n\n\n\n<p>Adem\u00e1s, cuenta con el respaldo del Alto Comisionado de las Naciones Unidas para los Refugiados (ACNUR), la Organizaci\u00f3n Internacional para las Migraciones (OIM), el Centro Mipymes de la Universidad Nacional Pedro Henr\u00edquez Ure\u00f1a (UNPHU) y la C\u00e1mara de Comercio LGBTI en Rep\u00fablica Dominicana.&nbsp;<\/p>\n\n\n\n<p>Entre las actividades, se realizaron diferentes encuentros virtuales, en el que m\u00e1s de 80 personas pudieron obtener capacidades para reestructurar sus modelos de negocios y adaptarlos a la situaci\u00f3n pospandemia.&nbsp;&nbsp;&nbsp;<\/p>\n\n\n\n<p>Tambi\u00e9n se llev\u00f3 a cabo un panel de Reclutamiento Inclusivo y Digitalizaci\u00f3n del Trabajo mediante el cual decenas de empresas del sector privado fueron sensibilizadas sobre la necesidad y los beneficios de implementar pol\u00edticas de inclusi\u00f3n laboral, como un modelo de negocio sostenible, y sobre el marco legal que protege a las personas en situaci\u00f3n de vulnerabilidad.<\/p>\n\n\n\n<p>Unas 30 organizaciones no gubernamentales que trabajan con personas con discapacidad, personas de la comunidad LGBTI, y migrantes recibieron diagn\u00f3sticos y capacitaciones para fortalecer sus capacidades para la captaci\u00f3n de fondos del sector p\u00fablico y privado; y recibieron acompa\u00f1amiento en el desarrollo de planes de acci\u00f3n para sus organizaciones, y establecer alianzas.<\/p>\n\n\n\n<p>Adem\u00e1s, mediante una consulta abierta, m\u00e1s de 100 personas de grupos vulnerables tuvieron la oportunidad de presentar al Ministerio de Industria, Comercio y Mipymes la situaci\u00f3n por la que atraviesan sus proyectos y las dificultades que enfrentan para emprender.&nbsp;&nbsp;&nbsp;&nbsp;<\/p>\n\n\n\n<p>\u201cEl Programa de Recuperaci\u00f3n Socioecon\u00f3mica Inclusiva est\u00e1 dando respuesta al gran reto que enfrentamos hoy, de restaurar la econom\u00eda y los medios de vida de la poblaci\u00f3n dominicana, retomando la ruta hacia el logro de los Objetivos de Desarrollo Sostenible de la Agenda 2030, sin dejar atr\u00e1s a las poblaciones m\u00e1s vulnerabilizadas\u201d, indic\u00f3 Inka Mattila, representante residente del PNUD en el pa\u00eds.&nbsp;&nbsp;<\/p>\n\n\n\n<p>Asimismo, el director interino de la Oficina de Juventud, Educaci\u00f3n y Seguridad de la USAID, John Jordan, indic\u00f3 que la discriminaci\u00f3n tiene un impacto en la econom\u00eda de un pa\u00eds, por lo tanto, este trabajo es sumamente importante para que la recuperaci\u00f3n econ\u00f3mica sea inclusiva. Al mismo tiempo, reiter\u00f3 el compromiso de seguir trabajando para promover la prosperidad inclusiva de la Rep\u00fablica Dominicana.&nbsp;<\/p>\n\n\n\n<p>Al pronunciar las palabras de cierre del evento, el Viceministro de Fomento a las Mipymes del Ministerio de Industria, Comercio y Mipymes, Jorge Guillermo Morales Paulino, expres\u00f3 su apoyo al programa y dijo que esperan elevar el nivel de participaci\u00f3n empresarial y social a esta inclusi\u00f3n para que llegue a otros centros mipymes a los cuales hay que fortalecer como uno de los principales instrumentos de educaci\u00f3n y formaci\u00f3n mipymes en el pa\u00eds.<\/p>\n\n\n\n<p>En tanto, Christine Laberge, Embajadora de Canad\u00e1, dijo que para el Gobierno de Canad\u00e1 es un placer apoyar este proyecto que pretende facilitar un espacio de intercambio de ideas, dudas y respuestas entre las personas con discapacidad, LGBTI y migrantes, emprendedores y propietarios de Mipymes que tiene como fin generar pol\u00edticas p\u00fablicas en favor de este sector.&nbsp;&nbsp;&nbsp;&nbsp;<\/p>\n","protected":false},"excerpt":{"rendered":"<p>Al cierre de su primera fase, el Programa de Recuperaci\u00f3n Socioecon\u00f3mica Inclusiva logr\u00f3 impactar a m\u00e1s de 300 actores de la cadena productiva, emprendedores, propietarios y propietarias de peque\u00f1os negocios&hellip; <\/p>\n","protected":false},"author":2,"featured_media":4414,"comment_status":"open","ping_status":"open","sticky":false,"template":"","format":"standard","meta":{"fifu_image_url":"","fifu_image_alt":"","footnotes":""},"categories":[83],"tags":[],"class_list":["post-4413","post","type-post","status-publish","format-standard","has-post-thumbnail","hentry","category-empresariales-empresariales"],"_links":{"self":[{"href":"https:\/\/elmundodelosnegocios.com.do\/v1\/wp-json\/wp\/v2\/posts\/4413","targetHints":{"allow":["GET"]}}],"collection":[{"href":"https:\/\/elmundodelosnegocios.com.do\/v1\/wp-json\/wp\/v2\/posts"}],"about":[{"href":"https:\/\/elmundodelosnegocios.com.do\/v1\/wp-json\/wp\/v2\/types\/post"}],"author":[{"embeddable":true,"href":"https:\/\/elmundodelosnegocios.com.do\/v1\/wp-json\/wp\/v2\/users\/2"}],"replies":[{"embeddable":true,"href":"https:\/\/elmundodelosnegocios.com.do\/v1\/wp-json\/wp\/v2\/comments?post=4413"}],"version-history":[{"count":0,"href":"https:\/\/elmundodelosnegocios.com.do\/v1\/wp-json\/wp\/v2\/posts\/4413\/revisions"}],"wp:featuredmedia":[{"embeddable":true,"href":"https:\/\/elmundodelosnegocios.com.do\/v1\/wp-json\/wp\/v2\/media\/4414"}],"wp:attachment":[{"href":"https:\/\/elmundodelosnegocios.com.do\/v1\/wp-json\/wp\/v2\/media?parent=4413"}],"wp:term":[{"taxonomy":"category","embeddable":true,"href":"https:\/\/elmundodelosnegocios.com.do\/v1\/wp-json\/wp\/v2\/categories?post=4413"},{"taxonomy":"post_tag","embeddable":true,"href":"https:\/\/elmundodelosnegocios.com.do\/v1\/wp-json\/wp\/v2\/tags?post=4413"}],"curies":[{"name":"wp","href":"https:\/\/api.w.org\/{rel}","templated":true}]}}