{"id":4419,"date":"2021-03-04T19:09:15","date_gmt":"2021-03-04T23:39:15","guid":{"rendered":"http:\/\/elmundodelosnegocios.com.do\/v1\/?p=4419"},"modified":"2021-03-04T19:09:18","modified_gmt":"2021-03-04T23:39:18","slug":"se-lanza-el-programa-19-en-la-zona-este-del-pais","status":"publish","type":"post","link":"https:\/\/elmundodelosnegocios.com.do\/v1\/se-lanza-el-programa-19-en-la-zona-este-del-pais\/","title":{"rendered":"Se lanza el Programa 19 en la zona Este del pa\u00eds"},"content":{"rendered":"\n<p>Se realiz\u00f3 el lanzamiento del Programa Fomento y Desarrollo de la Productividad de los Sistemas de Producci\u00f3n de Leche Bovina de la Regi\u00f3n Este<strong>&nbsp;(Programa 19).<\/strong><\/p>\n\n\n\n<p>El programa consiste en brindar servicio t\u00e9cnico de expertos en ganader\u00eda a los productores de ganado bovino de leche de la zona Este del pa\u00eds, con el objetivo de aumentar la eficiencia de sus sistemas de producci\u00f3n y mejorar gen\u00e9tica del ganado.<\/p>\n\n\n\n<p>El&nbsp;<strong>Programa 19<\/strong>&nbsp;significa un gran esfuerzo para fortalecer los sistemas de producci\u00f3n nacional, adem\u00e1s de impulsar la industria lechera a nivel nacional.<\/p>\n\n\n\n<p>El&nbsp;<strong>Dr. Geovanny Molina<\/strong>&nbsp;destac\u00f3 que los planes para mejorar la productividad y la competitividad repercuten directamente el crecimiento del mercado interno, en la creaci\u00f3n de oportunidades de empleo y en la mejora de la calidad de vida de los productores y trabajadores del campo.<\/p>\n\n\n\n<blockquote class=\"wp-block-quote is-layout-flow wp-block-quote-is-layout-flow\"><p>\u00abEste programa est\u00e1 vinculado a los objetivos de desarrollo sostenible y a la estrategia nacional de desarrollo\u00bb\u2028<\/p><\/blockquote>\n\n\n\n<p>El acto fue encabezado por el ministro de Agricultura, Limber Cruz, junto al director general de Ganader\u00eda, Geovanny Molina, adem\u00e1s, el asesor agropecuario del Poder Ejecutivo, Eric Rivero, el administrador del Banco Agr\u00edcola, Fernando Duran, el director de Fomento Pecuario, Alejandrito Batista y el director ejecutivo de CONALECHE, Miguel Laureano, entre otros funcionarios y personalidades de la regi\u00f3n.<\/p>\n\n\n\n<p>Para su lanzamiento y log\u00edstica el proyecto cuenta con fondos aportados por la Direcci\u00f3n General de Presupuesto.<\/p>\n","protected":false},"excerpt":{"rendered":"<p>Se realiz\u00f3 el lanzamiento del Programa Fomento y Desarrollo de la Productividad de los Sistemas de Producci\u00f3n de Leche Bovina de la Regi\u00f3n Este&nbsp;(Programa 19). El programa consiste en brindar&hellip; <\/p>\n","protected":false},"author":2,"featured_media":4420,"comment_status":"open","ping_status":"open","sticky":false,"template":"","format":"standard","meta":{"fifu_image_url":"","fifu_image_alt":"","footnotes":""},"categories":[73],"tags":[],"class_list":["post-4419","post","type-post","status-publish","format-standard","has-post-thumbnail","hentry","category-agronegocios"],"_links":{"self":[{"href":"https:\/\/elmundodelosnegocios.com.do\/v1\/wp-json\/wp\/v2\/posts\/4419","targetHints":{"allow":["GET"]}}],"collection":[{"href":"https:\/\/elmundodelosnegocios.com.do\/v1\/wp-json\/wp\/v2\/posts"}],"about":[{"href":"https:\/\/elmundodelosnegocios.com.do\/v1\/wp-json\/wp\/v2\/types\/post"}],"author":[{"embeddable":true,"href":"https:\/\/elmundodelosnegocios.com.do\/v1\/wp-json\/wp\/v2\/users\/2"}],"replies":[{"embeddable":true,"href":"https:\/\/elmundodelosnegocios.com.do\/v1\/wp-json\/wp\/v2\/comments?post=4419"}],"version-history":[{"count":0,"href":"https:\/\/elmundodelosnegocios.com.do\/v1\/wp-json\/wp\/v2\/posts\/4419\/revisions"}],"wp:featuredmedia":[{"embeddable":true,"href":"https:\/\/elmundodelosnegocios.com.do\/v1\/wp-json\/wp\/v2\/media\/4420"}],"wp:attachment":[{"href":"https:\/\/elmundodelosnegocios.com.do\/v1\/wp-json\/wp\/v2\/media?parent=4419"}],"wp:term":[{"taxonomy":"category","embeddable":true,"href":"https:\/\/elmundodelosnegocios.com.do\/v1\/wp-json\/wp\/v2\/categories?post=4419"},{"taxonomy":"post_tag","embeddable":true,"href":"https:\/\/elmundodelosnegocios.com.do\/v1\/wp-json\/wp\/v2\/tags?post=4419"}],"curies":[{"name":"wp","href":"https:\/\/api.w.org\/{rel}","templated":true}]}}