{"id":4429,"date":"2021-03-04T19:21:53","date_gmt":"2021-03-04T23:51:53","guid":{"rendered":"http:\/\/elmundodelosnegocios.com.do\/v1\/?p=4429"},"modified":"2021-03-04T19:22:32","modified_gmt":"2021-03-04T23:52:32","slug":"el-maestro-solano-afirma-que-la-vacuna-es-la-esperanza-para-ganarle-la-batalla-al-covid-19","status":"publish","type":"post","link":"https:\/\/elmundodelosnegocios.com.do\/v1\/el-maestro-solano-afirma-que-la-vacuna-es-la-esperanza-para-ganarle-la-batalla-al-covid-19\/","title":{"rendered":"El maestro Solano afirma que la vacuna es la esperanza para ganarle la batalla al COVID-19"},"content":{"rendered":"\n<p>SANTO DOMINGO. &#8211; El m\u00fasico, compositor y escritor Rafael Solano se vacun\u00f3 contra el COVID-19 la ma\u00f1ana de este jueves en el Centro Cultural Mauricio B\u00e1ez, en el sector de Villa Juana de esta capital.<\/p>\n\n\n\n<p>El maestro Solano consider\u00f3 que la llegada de la vacuna es una soluci\u00f3n a tiempo y que es una esperanza para ganar la batalla que se libra contra la pandemia.<\/p>\n\n\n\n<p>Dijo que la participaci\u00f3n masiva de personas en los centros de vacunaci\u00f3n ha vencido los comentarios negativos y que la gente se est\u00e1 vacunando porque sabe que es la \u00fanica forma para salir adelante.<\/p>\n\n\n\n<p>Opin\u00f3 que las redes tienen mucha incidencia actualmente en todas las cosas, pero que muchas veces las personas desconocen la realidad.<\/p>\n\n\n\n<p>Exhort\u00f3 a sus amigos y a todas las personas a que se vacunen de acuerdo al protocolo establecido por el gobierno, porque de esa manera contribuir\u00e1n a salir de la enfermedad que afecta el mundo.<\/p>\n\n\n\n<p>Solano, de 89 a\u00f1os, nativo de Puerto Plata, es uno de los principales compositores de Am\u00e9rica Latina, autor de unas cien canciones, entre ellas el emblem\u00e1tico y reconocido tema Por Amor.<\/p>\n","protected":false},"excerpt":{"rendered":"<p>SANTO DOMINGO. &#8211; El m\u00fasico, compositor y escritor Rafael Solano se vacun\u00f3 contra el COVID-19 la ma\u00f1ana de este jueves en el Centro Cultural Mauricio B\u00e1ez, en el sector de&hellip; <\/p>\n","protected":false},"author":2,"featured_media":4430,"comment_status":"open","ping_status":"open","sticky":false,"template":"","format":"standard","meta":{"fifu_image_url":"","fifu_image_alt":"","footnotes":""},"categories":[148],"tags":[],"class_list":["post-4429","post","type-post","status-publish","format-standard","has-post-thumbnail","hentry","category-cultura"],"_links":{"self":[{"href":"https:\/\/elmundodelosnegocios.com.do\/v1\/wp-json\/wp\/v2\/posts\/4429","targetHints":{"allow":["GET"]}}],"collection":[{"href":"https:\/\/elmundodelosnegocios.com.do\/v1\/wp-json\/wp\/v2\/posts"}],"about":[{"href":"https:\/\/elmundodelosnegocios.com.do\/v1\/wp-json\/wp\/v2\/types\/post"}],"author":[{"embeddable":true,"href":"https:\/\/elmundodelosnegocios.com.do\/v1\/wp-json\/wp\/v2\/users\/2"}],"replies":[{"embeddable":true,"href":"https:\/\/elmundodelosnegocios.com.do\/v1\/wp-json\/wp\/v2\/comments?post=4429"}],"version-history":[{"count":0,"href":"https:\/\/elmundodelosnegocios.com.do\/v1\/wp-json\/wp\/v2\/posts\/4429\/revisions"}],"wp:featuredmedia":[{"embeddable":true,"href":"https:\/\/elmundodelosnegocios.com.do\/v1\/wp-json\/wp\/v2\/media\/4430"}],"wp:attachment":[{"href":"https:\/\/elmundodelosnegocios.com.do\/v1\/wp-json\/wp\/v2\/media?parent=4429"}],"wp:term":[{"taxonomy":"category","embeddable":true,"href":"https:\/\/elmundodelosnegocios.com.do\/v1\/wp-json\/wp\/v2\/categories?post=4429"},{"taxonomy":"post_tag","embeddable":true,"href":"https:\/\/elmundodelosnegocios.com.do\/v1\/wp-json\/wp\/v2\/tags?post=4429"}],"curies":[{"name":"wp","href":"https:\/\/api.w.org\/{rel}","templated":true}]}}