{"id":4453,"date":"2021-03-07T20:05:43","date_gmt":"2021-03-08T00:35:43","guid":{"rendered":"http:\/\/elmundodelosnegocios.com.do\/v1\/?p=4453"},"modified":"2021-03-07T20:05:45","modified_gmt":"2021-03-08T00:35:45","slug":"presidenta-de-anje-recibe-reconocimiento-por-dia-de-la-mujer","status":"publish","type":"post","link":"https:\/\/elmundodelosnegocios.com.do\/v1\/presidenta-de-anje-recibe-reconocimiento-por-dia-de-la-mujer\/","title":{"rendered":"Presidenta de ANJE recibe reconocimiento por D\u00eda de la Mujer"},"content":{"rendered":"\n<p>SANTO DOMINGO.- En el marco de la celebraci\u00f3n del D\u00eda Internacional de la Mujer, Susana Mart\u00ednez Nadal, Presidenta de la Asociaci\u00f3n Nacional de J\u00f3venes Empresarios (ANJE) fue reconocida por la Revista Gala en la primera edici\u00f3n del premio Mujer de hoy.<\/p>\n\n\n\n<p>En el acto de premiaci\u00f3n tambi\u00e9n fueron galardonadas la pasada presidenta de ANJE, Biviana Riveiro; la actual Directora Ejecutiva, Sol Disla, as\u00ed como las socias Gina Almonte y Lenis Garc\u00eda.<\/p>\n\n\n\n<p><em>\u201cDesde ANJE seguiremos trabajando para que se promueva la equidad de g\u00e9nero en todos los \u00e1mbitos de toma de decisiones y en las pol\u00edticas d recuperaci\u00f3n de la crisis, minimizando la brecha de desigualdad entre mujer y hombre, y promoviendo pol\u00edticas p\u00fablicas que garanticen el acceso social y laboral en igualdad de condiciones\u201d<\/em>, manifest\u00f3 la Presidenta del gremio.<\/p>\n\n\n\n<p>Este Reconocimiento busca resaltar el valor de cada una de las mujeres de nuestro pa\u00eds del \u00e1mbito empresarial, profesional, pol\u00edtico y las comunicaciones. Cabe destacar que los galardones fueron entregados de manos de Radham\u00e9s Mart\u00ednez, pasado presidente de ANJE, y Omar Fern\u00e1ndez, Diputado del Distrito Nacional.<\/p>\n\n\n\n<p>Los Premios Mujer de Hoy nacen con el fin de dar visibilidad y reconocer el talento femenino y su esfuerzo, as\u00ed como la labor que han realizado para promover e impulsar la participaci\u00f3n de la mujer en el entorno econ\u00f3mico y social.<\/p>\n","protected":false},"excerpt":{"rendered":"<p>SANTO DOMINGO.- En el marco de la celebraci\u00f3n del D\u00eda Internacional de la Mujer, Susana Mart\u00ednez Nadal, Presidenta de la Asociaci\u00f3n Nacional de J\u00f3venes Empresarios (ANJE) fue reconocida por la&hellip; <\/p>\n","protected":false},"author":2,"featured_media":4454,"comment_status":"open","ping_status":"open","sticky":false,"template":"","format":"standard","meta":{"fifu_image_url":"","fifu_image_alt":"","footnotes":""},"categories":[82],"tags":[],"class_list":["post-4453","post","type-post","status-publish","format-standard","has-post-thumbnail","hentry","category-mujer-emprendedora"],"_links":{"self":[{"href":"https:\/\/elmundodelosnegocios.com.do\/v1\/wp-json\/wp\/v2\/posts\/4453","targetHints":{"allow":["GET"]}}],"collection":[{"href":"https:\/\/elmundodelosnegocios.com.do\/v1\/wp-json\/wp\/v2\/posts"}],"about":[{"href":"https:\/\/elmundodelosnegocios.com.do\/v1\/wp-json\/wp\/v2\/types\/post"}],"author":[{"embeddable":true,"href":"https:\/\/elmundodelosnegocios.com.do\/v1\/wp-json\/wp\/v2\/users\/2"}],"replies":[{"embeddable":true,"href":"https:\/\/elmundodelosnegocios.com.do\/v1\/wp-json\/wp\/v2\/comments?post=4453"}],"version-history":[{"count":0,"href":"https:\/\/elmundodelosnegocios.com.do\/v1\/wp-json\/wp\/v2\/posts\/4453\/revisions"}],"wp:featuredmedia":[{"embeddable":true,"href":"https:\/\/elmundodelosnegocios.com.do\/v1\/wp-json\/wp\/v2\/media\/4454"}],"wp:attachment":[{"href":"https:\/\/elmundodelosnegocios.com.do\/v1\/wp-json\/wp\/v2\/media?parent=4453"}],"wp:term":[{"taxonomy":"category","embeddable":true,"href":"https:\/\/elmundodelosnegocios.com.do\/v1\/wp-json\/wp\/v2\/categories?post=4453"},{"taxonomy":"post_tag","embeddable":true,"href":"https:\/\/elmundodelosnegocios.com.do\/v1\/wp-json\/wp\/v2\/tags?post=4453"}],"curies":[{"name":"wp","href":"https:\/\/api.w.org\/{rel}","templated":true}]}}