{"id":4516,"date":"2021-03-10T08:37:13","date_gmt":"2021-03-10T13:07:13","guid":{"rendered":"http:\/\/elmundodelosnegocios.com.do\/v1\/?p=4516"},"modified":"2021-03-10T08:41:18","modified_gmt":"2021-03-10T13:11:18","slug":"prodominicana-y-finjus-formalizan-alianza-estrategica-interinstitucional","status":"publish","type":"post","link":"https:\/\/elmundodelosnegocios.com.do\/v1\/prodominicana-y-finjus-formalizan-alianza-estrategica-interinstitucional\/","title":{"rendered":"Gobierno acuerda fabricar en RD dispositivos electr\u00f3nicos para educaci\u00f3n"},"content":{"rendered":"\n<p>El Gobierno firm\u00f3 un memorando de entendimiento con la empresa estadounidense Encore Repair Services, para la fabricaci\u00f3n en el pa\u00eds de tabletas, computadoras y cuadernos electr\u00f3nicos port\u00e1tiles dirigidos a \u00absolucionar necesidades\u00bb del campo educativo.<\/p>\n\n\n\n<p>Asimismo, se ofrecer\u00e1n servicios para la carga de sistemas operativos y programas, as\u00ed como de reconstrucci\u00f3n, reparaci\u00f3n y posventa de dispositivos, precis\u00f3 un documento de Presidencia.<\/p>\n\n\n\n<p>El acuerdo incluye la transferencia de conocimientos para \u00abcontribuir con el desarrollo del talento e innovaci\u00f3n en el campo de la tecnolog\u00eda\u00bb, entre otras cosas.<\/p>\n\n\n\n<p>El presidente Luis Abinader encabez\u00f3 una actividad en el Palacio Nacional junto a la vicepresidenta Raquel Pe\u00f1a, mediante el cual el Estado dominicano, a trav\u00e9s del Parque Cibern\u00e9tico de Santo Domingo, firm\u00f3 el Programa Fabricaci\u00f3n en RD: servicios posventa de dispositivos electr\u00f3nicos para el sector educaci\u00f3n.<\/p>\n\n\n\n<p>Abinader precis\u00f3 que con la firma del memorando de entendimiento se busca eliminar la brecha digital \u00abexistente en todo el pa\u00eds\u00bb.<\/p>\n\n\n\n<p>El mandatario defini\u00f3 el acuerdo de \u00abextraordinario\u00bb pues, a su juicio, las industrias de zonas francas pasan a otro nivel y se producir\u00e1 una buena competencia a nivel de precios y calidad.<\/p>\n\n\n\n<p>\u00abLo importante es que desde ya llegamos a un acuerdo de mantenimiento para que si se da\u00f1a una de estas tabletas haya lugar donde repararlas en el pa\u00eds y que no se pierdan\u00bb, sostuvo el gobernante.<\/p>\n\n\n\n<p>Encore Repair Services opera una planta en el Parque Cibern\u00e9tico de Santo Domingo, ubicado a unos 23 kil\u00f3metros al este de la capital.<\/p>\n","protected":false},"excerpt":{"rendered":"<p>El Gobierno firm\u00f3 un memorando de entendimiento con la empresa estadounidense Encore Repair Services, para la fabricaci\u00f3n en el pa\u00eds de tabletas, computadoras y cuadernos electr\u00f3nicos port\u00e1tiles dirigidos a \u00absolucionar&hellip; <\/p>\n","protected":false},"author":2,"featured_media":4521,"comment_status":"open","ping_status":"open","sticky":false,"template":"","format":"standard","meta":{"fifu_image_url":"","fifu_image_alt":"","footnotes":""},"categories":[166],"tags":[],"class_list":["post-4516","post","type-post","status-publish","format-standard","has-post-thumbnail","hentry","category-tecnologia"],"_links":{"self":[{"href":"https:\/\/elmundodelosnegocios.com.do\/v1\/wp-json\/wp\/v2\/posts\/4516","targetHints":{"allow":["GET"]}}],"collection":[{"href":"https:\/\/elmundodelosnegocios.com.do\/v1\/wp-json\/wp\/v2\/posts"}],"about":[{"href":"https:\/\/elmundodelosnegocios.com.do\/v1\/wp-json\/wp\/v2\/types\/post"}],"author":[{"embeddable":true,"href":"https:\/\/elmundodelosnegocios.com.do\/v1\/wp-json\/wp\/v2\/users\/2"}],"replies":[{"embeddable":true,"href":"https:\/\/elmundodelosnegocios.com.do\/v1\/wp-json\/wp\/v2\/comments?post=4516"}],"version-history":[{"count":0,"href":"https:\/\/elmundodelosnegocios.com.do\/v1\/wp-json\/wp\/v2\/posts\/4516\/revisions"}],"wp:featuredmedia":[{"embeddable":true,"href":"https:\/\/elmundodelosnegocios.com.do\/v1\/wp-json\/wp\/v2\/media\/4521"}],"wp:attachment":[{"href":"https:\/\/elmundodelosnegocios.com.do\/v1\/wp-json\/wp\/v2\/media?parent=4516"}],"wp:term":[{"taxonomy":"category","embeddable":true,"href":"https:\/\/elmundodelosnegocios.com.do\/v1\/wp-json\/wp\/v2\/categories?post=4516"},{"taxonomy":"post_tag","embeddable":true,"href":"https:\/\/elmundodelosnegocios.com.do\/v1\/wp-json\/wp\/v2\/tags?post=4516"}],"curies":[{"name":"wp","href":"https:\/\/api.w.org\/{rel}","templated":true}]}}