{"id":4533,"date":"2021-03-10T12:51:27","date_gmt":"2021-03-10T17:21:27","guid":{"rendered":"http:\/\/elmundodelosnegocios.com.do\/v1\/?p=4533"},"modified":"2021-03-10T12:51:32","modified_gmt":"2021-03-10T17:21:32","slug":"aunan-espana-y-libia-esfuerzos-colaborar-comercialmente-campo-energias-renovables","status":"publish","type":"post","link":"https:\/\/elmundodelosnegocios.com.do\/v1\/aunan-espana-y-libia-esfuerzos-colaborar-comercialmente-campo-energias-renovables\/","title":{"rendered":"Aunan Espa\u00f1a y Libia esfuerzos colaborar comercialmente campo energ\u00edas renovables"},"content":{"rendered":"\n<p>Tal como lleva promoviendo la C\u00e1mara Hispano Libia desde el pasado a\u00f1o, en la celebraci\u00f3n del pasado 25 de febrero de un <a href=\"https:\/\/camarahispanolibia.org\/monografico-sobre-energias-renovables-entre-espana-y-libia\/\">monogr\u00e1fico sobre energ\u00edas renovables<\/a>, qued\u00f3 patente las posibilidades y puertas que podr\u00edan abrirse a las instaladoras y empresas espa\u00f1olas en este pa\u00eds del Magreb.<\/p>\n\n\n\n<p>La cita ha sido clave dentro del marco de activaci\u00f3n de relaciones institucionales, comerciales y culturales, que la C\u00e1mara Hispano Libia de Comercio, est\u00e1 realizando desde nuestro pa\u00eds para fomentar la sinergia comercial y empresarial.<\/p>\n\n\n\n<p>Desde Libia, todos los representantes estatales, coincidieron en reconocer el atraso que vive el desarrollo de las energ\u00edas renovables en el pa\u00eds como consecuencia del conflicto soportado los \u00faltimos 10 a\u00f1os.<\/p>\n\n\n\n<p>Tambi\u00e9n coincidieron todos en la necesidad casi urgente de formar tanto a un equipo t\u00e9cnico superior, como a profesionales para la colocaci\u00f3n y mantenimiento de las futuras instalaciones que desde el gobierno se detallaron, respecto a la nueva legislaci\u00f3n, apoyo de la inversi\u00f3n y facilidades para que las empresas extranjeras accedan al desarrollo de proyectos. \u201cLibia se ha comprometido a la compra de la energ\u00eda y facilidades fiscales para su promoci\u00f3n\u201d explican desde la <a href=\"https:\/\/camarahispanolibia.org\">C\u00e1mara Hispano Libia<\/a>.<\/p>\n\n\n\n<p>Ser\u00e1 esta la organizaci\u00f3n que pondr\u00e1 en marcha la b\u00fasqueda para liderar un equipo de trabajo que realice, junto a empresas espa\u00f1olas y las asociaciones, una hoja de ruta y promocione a las empresas espa\u00f1olas, tanto instaladoras, como inversoras y de mantenimiento espa\u00f1olas y poder acompa\u00f1arlas en la entrada en Libia.<\/p>\n\n\n\n<p>As\u00ed mismo, las asociaciones participantes en el encuentro han mostrado inter\u00e9s por impartir cursos de formaci\u00f3n en energ\u00edas renovables a profesionales libios, que se realizar\u00edan utilizando la plataforma de formaci\u00f3n de la C\u00e1mara Hispano Libia de Comercio.<\/p>\n\n\n\n<p>Esta cita y proyecto sigue la l\u00ednea de colaboraci\u00f3n entre ambos pa\u00edses que promueve la propia C\u00e1mara y que se traduce mensualmente en los Mercados Mayoristas v\u00eda Zoom, donde se exponen productos espa\u00f1oles y que se realizan en los ayuntamientos nacionales que as\u00ed lo solicitan para agilizar el mercado de productos entre Espa\u00f1a y Libia.<\/p>\n","protected":false},"excerpt":{"rendered":"<p>Tal como lleva promoviendo la C\u00e1mara Hispano Libia desde el pasado a\u00f1o, en la celebraci\u00f3n del pasado 25 de febrero de un monogr\u00e1fico sobre energ\u00edas renovables, qued\u00f3 patente las posibilidades&hellip; <\/p>\n","protected":false},"author":2,"featured_media":4534,"comment_status":"open","ping_status":"open","sticky":false,"template":"","format":"standard","meta":{"fifu_image_url":"","fifu_image_alt":"","footnotes":""},"categories":[182],"tags":[],"class_list":["post-4533","post","type-post","status-publish","format-standard","has-post-thumbnail","hentry","category-energia"],"_links":{"self":[{"href":"https:\/\/elmundodelosnegocios.com.do\/v1\/wp-json\/wp\/v2\/posts\/4533","targetHints":{"allow":["GET"]}}],"collection":[{"href":"https:\/\/elmundodelosnegocios.com.do\/v1\/wp-json\/wp\/v2\/posts"}],"about":[{"href":"https:\/\/elmundodelosnegocios.com.do\/v1\/wp-json\/wp\/v2\/types\/post"}],"author":[{"embeddable":true,"href":"https:\/\/elmundodelosnegocios.com.do\/v1\/wp-json\/wp\/v2\/users\/2"}],"replies":[{"embeddable":true,"href":"https:\/\/elmundodelosnegocios.com.do\/v1\/wp-json\/wp\/v2\/comments?post=4533"}],"version-history":[{"count":0,"href":"https:\/\/elmundodelosnegocios.com.do\/v1\/wp-json\/wp\/v2\/posts\/4533\/revisions"}],"wp:featuredmedia":[{"embeddable":true,"href":"https:\/\/elmundodelosnegocios.com.do\/v1\/wp-json\/wp\/v2\/media\/4534"}],"wp:attachment":[{"href":"https:\/\/elmundodelosnegocios.com.do\/v1\/wp-json\/wp\/v2\/media?parent=4533"}],"wp:term":[{"taxonomy":"category","embeddable":true,"href":"https:\/\/elmundodelosnegocios.com.do\/v1\/wp-json\/wp\/v2\/categories?post=4533"},{"taxonomy":"post_tag","embeddable":true,"href":"https:\/\/elmundodelosnegocios.com.do\/v1\/wp-json\/wp\/v2\/tags?post=4533"}],"curies":[{"name":"wp","href":"https:\/\/api.w.org\/{rel}","templated":true}]}}